{"id":146291,"date":"2022-04-25T09:43:57","date_gmt":"2022-04-25T13:43:57","guid":{"rendered":"https:\/\/linitiative.ca\/International\/aid-al-fitr-les-detenus-autorises-a-recevoir-les-paniers-de-repas\/"},"modified":"2022-04-25T09:43:57","modified_gmt":"2022-04-25T13:43:57","slug":"aid-al-fitr-les-detenus-autorises-a-recevoir-les-paniers-de-repas","status":"publish","type":"post","link":"https:\/\/linitiative.ca\/International\/aid-al-fitr-les-detenus-autorises-a-recevoir-les-paniers-de-repas\/","title":{"rendered":"A\u00efd Al-Fitr: les d\u00e9tenus autoris\u00e9s \u00e0 recevoir les paniers de repas"},"content":{"rendered":"<div>\n<div style=\"margin-bottom:20px;\"><img loading=\"lazy\" decoding=\"async\" width=\"750\" height=\"430\" src=\"https:\/\/linitiative.ca\/International\/wp-content\/uploads\/sites\/23\/2022\/04\/DGAPR.jpg\" class=\"attachment-post-thumbnail size-post-thumbnail wp-post-image\" alt=\"\" srcset=\"https:\/\/linitiative.ca\/International\/wp-content\/uploads\/sites\/23\/2022\/04\/DGAPR.jpg 750w, https:\/\/www.mapmarrakech.ma\/map\/uploads\/2021\/07\/DGAPR-300x172.jpg 300w\" sizes=\"auto, (max-width: 750px) 100vw, 750px\"><\/div>\n<p>Cette d\u00e9cision intervient \u00e0 l\u2019occasion de l\u2019A\u00efd Al-Fitr en cons\u00e9cration de la d\u00e9cision de la DGAPR de lever l\u2019interdiction des paniers-repas durant les p\u00e9riodes des f\u00eates religieuses, au regard de l\u2019impact psychologique b\u00e9n\u00e9fique de cette f\u00eate sur les d\u00e9tenus et en termes de pr\u00e9servation des liens familiaux, a expliqu\u00e9 la DGAPR dans un communiqu\u00e9, relevant que cette op\u00e9ration se d\u00e9roulera selon un calendrier d\u00e9fini par la direction de l\u2019\u00e9tablissement p\u00e9nitentiaire, tout en poursuivant le programme normal des visites familiales.<\/p>\n<p>Les \u00e9tablissements p\u00e9nitentiaires veilleront ainsi \u00e0 offrir toutes les facilit\u00e9s n\u00e9cessaires \u00e0 leurs pensionnaires afin de contacter leurs familles et les informer de la date programm\u00e9e et des conditions requises pour introduire les paniers d\u2019alimentation.<\/p>\n<p>La D\u00e9l\u00e9gation g\u00e9n\u00e9rale invite les familles des d\u00e9tenus \u00e0 \u00ab\u00a0s\u2019engager s\u00e9rieusement et de mani\u00e8re responsable pour faire r\u00e9ussir cette op\u00e9ration, sans chercher \u00e0 introduire tout ce qui est de nature \u00e0 porter atteinte \u00e0 la s\u00e9curit\u00e9 de l\u2019\u00e9tablissement p\u00e9nitentiaire, tout en se conformant pleinement aux mesures pr\u00e9ventives contre le Covid-19\u00a0\u00bb.<\/p>\n<p>The post <a rel=\"nofollow\" href=\"https:\/\/www.mapmarrakech.ma\/fr\/dga\/\">A\u00efd Al-Fitr: les d\u00e9tenus autoris\u00e9s \u00e0 recevoir les paniers de repas<\/a> appeared first on <a rel=\"nofollow\" href=\"https:\/\/www.mapmarrakech.ma\/fr\">MapMarrakech<\/a>.<\/p>\n<\/div>\n<p>Auteur: Meriem IGASS<br \/>\n<a href=\"https:\/\/www.mapmarrakech.ma\/fr\/dga\/\">Cliquez ici pour lire l&rsquo;article depuis sa source.<\/a><\/p>\n","protected":false},"excerpt":{"rendered":"<p>Cette d\u00e9cision intervient \u00e0 l\u2019occasion de l\u2019A\u00efd Al-Fitr en cons\u00e9cration de la d\u00e9cision de la DGAPR de lever l\u2019interdiction des paniers-repas durant les p\u00e9riodes des f\u00eates religieuses, au regard de l\u2019impact psychologique b\u00e9n\u00e9fique de cette f\u00eate sur les d\u00e9tenus et en termes de pr\u00e9servation des liens familiaux, a expliqu\u00e9 la DGAPR dans un communiqu\u00e9, relevant [&hellip;]<\/p>\n","protected":false},"author":1788,"featured_media":0,"comment_status":"closed","ping_status":"closed","sticky":false,"template":"","format":"standard","meta":{"fifu_image_url":"https:\/\/www.mapmarrakech.ma\/map\/uploads\/2021\/07\/DGAPR.jpg","fifu_image_alt":"A\u00efd Al-Fitr: les d\u00e9tenus autoris\u00e9s \u00e0 recevoir les paniers de repas","footnotes":""},"categories":[54,76],"tags":[],"class_list":["post-146291","post","type-post","status-publish","format-standard","hentry","category-maroc","category-regions"],"_links":{"self":[{"href":"https:\/\/linitiative.ca\/International\/wp-json\/wp\/v2\/posts\/146291","targetHints":{"allow":["GET"]}}],"collection":[{"href":"https:\/\/linitiative.ca\/International\/wp-json\/wp\/v2\/posts"}],"about":[{"href":"https:\/\/linitiative.ca\/International\/wp-json\/wp\/v2\/types\/post"}],"author":[{"embeddable":true,"href":"https:\/\/linitiative.ca\/International\/wp-json\/wp\/v2\/users\/1788"}],"replies":[{"embeddable":true,"href":"https:\/\/linitiative.ca\/International\/wp-json\/wp\/v2\/comments?post=146291"}],"version-history":[{"count":0,"href":"https:\/\/linitiative.ca\/International\/wp-json\/wp\/v2\/posts\/146291\/revisions"}],"wp:attachment":[{"href":"https:\/\/linitiative.ca\/International\/wp-json\/wp\/v2\/media?parent=146291"}],"wp:term":[{"taxonomy":"category","embeddable":true,"href":"https:\/\/linitiative.ca\/International\/wp-json\/wp\/v2\/categories?post=146291"},{"taxonomy":"post_tag","embeddable":true,"href":"https:\/\/linitiative.ca\/International\/wp-json\/wp\/v2\/tags?post=146291"}],"curies":[{"name":"wp","href":"https:\/\/api.w.org\/{rel}","templated":true}]}}