{"id":146296,"date":"2022-04-25T09:38:05","date_gmt":"2022-04-25T13:38:05","guid":{"rendered":"https:\/\/linitiative.ca\/International\/semaine-nationale-de-la-vaccination\/"},"modified":"2022-04-25T09:38:05","modified_gmt":"2022-04-25T13:38:05","slug":"semaine-nationale-de-la-vaccination","status":"publish","type":"post","link":"https:\/\/linitiative.ca\/International\/semaine-nationale-de-la-vaccination\/","title":{"rendered":"Semaine nationale de la vaccination"},"content":{"rendered":"<div>\n<div class=\"field field-name-body field-type-text-with-summary field-label-hidden\">\n<div class=\"field-items\">\n<div class=\"field-item even\" property=\"content:encoded\">\n<p class=\"rtejustify\">Le minist\u00e8re de la Sant\u00e9 et de la Protection sociale a annonc\u00e9, lundi, l\u2019organisation de la Semaine nationale de vaccination du 25 au 30 avril, sous le th\u00e8me \u201cLa vaccination, un espoir pour la vie\u201d, en c\u00e9l\u00e9bration de la Semaine mondiale de la vaccination . Cette campagne vise \u00e0 rappeler que la vaccination est une mesure cl\u00e9 des soins de sant\u00e9 primaires, un droit humain incontestable et l\u2019un des meilleurs investissements dans le domaine de la sant\u00e9, a indiqu\u00e9 le minist\u00e8re dans un communiqu\u00e9.<\/p>\n<\/div>\n<\/div>\n<\/div>\n<\/div>\n<p>Auteur: hgueye<br \/>\n<a href=\"https:\/\/www.leconomiste.com\/flash-infos\/semaine-nationale-de-la-vaccination\">Cliquez ici pour lire l&rsquo;article depuis sa source.<\/a><\/p>\n","protected":false},"excerpt":{"rendered":"<p>Le minist\u00e8re de la Sant\u00e9 et de la Protection sociale a annonc\u00e9, lundi, l\u2019organisation de la Semaine nationale de vaccination du 25 au 30 avril, sous le th\u00e8me \u201cLa vaccination, un espoir pour la vie\u201d, en c\u00e9l\u00e9bration de la Semaine mondiale de la vaccination . Cette campagne vise \u00e0 rappeler que la vaccination est une [&hellip;]<\/p>\n","protected":false},"author":1763,"featured_media":0,"comment_status":"closed","ping_status":"closed","sticky":false,"template":"","format":"standard","meta":{"fifu_image_url":"","fifu_image_alt":"","footnotes":""},"categories":[78,54],"tags":[],"class_list":["post-146296","post","type-post","status-publish","format-standard","hentry","category-economie","category-maroc"],"_links":{"self":[{"href":"https:\/\/linitiative.ca\/International\/wp-json\/wp\/v2\/posts\/146296","targetHints":{"allow":["GET"]}}],"collection":[{"href":"https:\/\/linitiative.ca\/International\/wp-json\/wp\/v2\/posts"}],"about":[{"href":"https:\/\/linitiative.ca\/International\/wp-json\/wp\/v2\/types\/post"}],"author":[{"embeddable":true,"href":"https:\/\/linitiative.ca\/International\/wp-json\/wp\/v2\/users\/1763"}],"replies":[{"embeddable":true,"href":"https:\/\/linitiative.ca\/International\/wp-json\/wp\/v2\/comments?post=146296"}],"version-history":[{"count":0,"href":"https:\/\/linitiative.ca\/International\/wp-json\/wp\/v2\/posts\/146296\/revisions"}],"wp:attachment":[{"href":"https:\/\/linitiative.ca\/International\/wp-json\/wp\/v2\/media?parent=146296"}],"wp:term":[{"taxonomy":"category","embeddable":true,"href":"https:\/\/linitiative.ca\/International\/wp-json\/wp\/v2\/categories?post=146296"},{"taxonomy":"post_tag","embeddable":true,"href":"https:\/\/linitiative.ca\/International\/wp-json\/wp\/v2\/tags?post=146296"}],"curies":[{"name":"wp","href":"https:\/\/api.w.org\/{rel}","templated":true}]}}