{"id":146297,"date":"2022-04-25T10:13:17","date_gmt":"2022-04-25T14:13:17","guid":{"rendered":"https:\/\/linitiative.ca\/International\/offre-de-soins-10-plans-regionaux-approuves\/"},"modified":"2022-04-25T10:13:17","modified_gmt":"2022-04-25T14:13:17","slug":"offre-de-soins-10-plans-regionaux-approuves","status":"publish","type":"post","link":"https:\/\/linitiative.ca\/International\/offre-de-soins-10-plans-regionaux-approuves\/","title":{"rendered":"Offre de soins: 10 plans r\u00e9gionaux approuv\u00e9s"},"content":{"rendered":"<div>\n<div class=\"field field-name-body field-type-text-with-summary field-label-hidden\">\n<div class=\"field-items\">\n<div class=\"field-item even\" property=\"content:encoded\">\n<p class=\"rtejustify\">Le ministre de la Sant\u00e9 et de la Protection sociale, Khaled Ait Taleb, a indiqu\u00e9, lundi, que dix\u00a0plans r\u00e9gionaux d\u2019offre de soins ont \u00e9t\u00e9 approuv\u00e9s, soulignant deux autres sont en cours d\u2019adoption pour les r\u00e9gions de La\u00e2youne-Sakia El Hamra et Dr\u00e2a-Tafilalet.<\/p>\n<\/div>\n<\/div>\n<\/div>\n<\/div>\n<p>Auteur: hgueye<br \/>\n<a href=\"https:\/\/www.leconomiste.com\/flash-infos\/offre-de-soins-10-plans-regionaux-approuves\">Cliquez ici pour lire l&rsquo;article depuis sa source.<\/a><\/p>\n","protected":false},"excerpt":{"rendered":"<p>Le ministre de la Sant\u00e9 et de la Protection sociale, Khaled Ait Taleb, a indiqu\u00e9, lundi, que dix\u00a0plans r\u00e9gionaux d\u2019offre de soins ont \u00e9t\u00e9 approuv\u00e9s, soulignant deux autres sont en cours d\u2019adoption pour les r\u00e9gions de La\u00e2youne-Sakia El Hamra et Dr\u00e2a-Tafilalet. Auteur: hgueye Cliquez ici pour lire l&rsquo;article depuis sa source.<\/p>\n","protected":false},"author":1763,"featured_media":0,"comment_status":"closed","ping_status":"closed","sticky":false,"template":"","format":"standard","meta":{"fifu_image_url":"","fifu_image_alt":"","footnotes":""},"categories":[78,54],"tags":[],"class_list":["post-146297","post","type-post","status-publish","format-standard","hentry","category-economie","category-maroc"],"_links":{"self":[{"href":"https:\/\/linitiative.ca\/International\/wp-json\/wp\/v2\/posts\/146297","targetHints":{"allow":["GET"]}}],"collection":[{"href":"https:\/\/linitiative.ca\/International\/wp-json\/wp\/v2\/posts"}],"about":[{"href":"https:\/\/linitiative.ca\/International\/wp-json\/wp\/v2\/types\/post"}],"author":[{"embeddable":true,"href":"https:\/\/linitiative.ca\/International\/wp-json\/wp\/v2\/users\/1763"}],"replies":[{"embeddable":true,"href":"https:\/\/linitiative.ca\/International\/wp-json\/wp\/v2\/comments?post=146297"}],"version-history":[{"count":0,"href":"https:\/\/linitiative.ca\/International\/wp-json\/wp\/v2\/posts\/146297\/revisions"}],"wp:attachment":[{"href":"https:\/\/linitiative.ca\/International\/wp-json\/wp\/v2\/media?parent=146297"}],"wp:term":[{"taxonomy":"category","embeddable":true,"href":"https:\/\/linitiative.ca\/International\/wp-json\/wp\/v2\/categories?post=146297"},{"taxonomy":"post_tag","embeddable":true,"href":"https:\/\/linitiative.ca\/International\/wp-json\/wp\/v2\/tags?post=146297"}],"curies":[{"name":"wp","href":"https:\/\/api.w.org\/{rel}","templated":true}]}}