{"id":146298,"date":"2022-04-25T10:47:16","date_gmt":"2022-04-25T14:47:16","guid":{"rendered":"https:\/\/linitiative.ca\/International\/tanger-tetouan-al-hoceima-les-barrages-a-moitie-remplis\/"},"modified":"2022-04-25T10:47:16","modified_gmt":"2022-04-25T14:47:16","slug":"tanger-tetouan-al-hoceima-les-barrages-a-moitie-remplis","status":"publish","type":"post","link":"https:\/\/linitiative.ca\/International\/tanger-tetouan-al-hoceima-les-barrages-a-moitie-remplis\/","title":{"rendered":"Tanger-T\u00e9touan-Al Hoceima: Les barrages \u00e0 moiti\u00e9 remplis"},"content":{"rendered":"<div>\n<div class=\"field field-name-body field-type-text-with-summary field-label-hidden\">\n<div class=\"field-items\">\n<div class=\"field-item even\" property=\"content:encoded\">\n<p class=\"rtejustify\">Les retenues des barrages situ\u00e9s dans la r\u00e9gion de Tanger-T\u00e9touan-Al Hoceima ont atteint 911,91 millions m3, soit un taux de remplissage de 52,98% contre 70,24% \u00e0 la m\u00eame p\u00e9riode de l&rsquo;ann\u00e9e \u00e9coul\u00e9e (1,20 milliard m3), selon les donn\u00e9es de la Direction g\u00e9n\u00e9rale de l&rsquo;Eau, relevant du minist\u00e8re de l&rsquo;\u00c9quipement et de l&rsquo;eau. Ces barrages disposent d&rsquo;une capacit\u00e9 de 1,721 milliard m3.<\/p>\n<\/div>\n<\/div>\n<\/div>\n<\/div>\n<p>Auteur: hgueye<br \/>\n<a href=\"https:\/\/www.leconomiste.com\/flash-infos\/tanger-tetouan-al-hoceima-les-barrages-moitie-remplis\">Cliquez ici pour lire l&rsquo;article depuis sa source.<\/a><\/p>\n","protected":false},"excerpt":{"rendered":"<p>Les retenues des barrages situ\u00e9s dans la r\u00e9gion de Tanger-T\u00e9touan-Al Hoceima ont atteint 911,91 millions m3, soit un taux de remplissage de 52,98% contre 70,24% \u00e0 la m\u00eame p\u00e9riode de l&rsquo;ann\u00e9e \u00e9coul\u00e9e (1,20 milliard m3), selon les donn\u00e9es de la Direction g\u00e9n\u00e9rale de l&rsquo;Eau, relevant du minist\u00e8re de l&rsquo;\u00c9quipement et de l&rsquo;eau. Ces barrages disposent [&hellip;]<\/p>\n","protected":false},"author":1763,"featured_media":0,"comment_status":"closed","ping_status":"closed","sticky":false,"template":"","format":"standard","meta":{"fifu_image_url":"","fifu_image_alt":"","footnotes":""},"categories":[78,54],"tags":[],"class_list":["post-146298","post","type-post","status-publish","format-standard","hentry","category-economie","category-maroc"],"_links":{"self":[{"href":"https:\/\/linitiative.ca\/International\/wp-json\/wp\/v2\/posts\/146298","targetHints":{"allow":["GET"]}}],"collection":[{"href":"https:\/\/linitiative.ca\/International\/wp-json\/wp\/v2\/posts"}],"about":[{"href":"https:\/\/linitiative.ca\/International\/wp-json\/wp\/v2\/types\/post"}],"author":[{"embeddable":true,"href":"https:\/\/linitiative.ca\/International\/wp-json\/wp\/v2\/users\/1763"}],"replies":[{"embeddable":true,"href":"https:\/\/linitiative.ca\/International\/wp-json\/wp\/v2\/comments?post=146298"}],"version-history":[{"count":0,"href":"https:\/\/linitiative.ca\/International\/wp-json\/wp\/v2\/posts\/146298\/revisions"}],"wp:attachment":[{"href":"https:\/\/linitiative.ca\/International\/wp-json\/wp\/v2\/media?parent=146298"}],"wp:term":[{"taxonomy":"category","embeddable":true,"href":"https:\/\/linitiative.ca\/International\/wp-json\/wp\/v2\/categories?post=146298"},{"taxonomy":"post_tag","embeddable":true,"href":"https:\/\/linitiative.ca\/International\/wp-json\/wp\/v2\/tags?post=146298"}],"curies":[{"name":"wp","href":"https:\/\/api.w.org\/{rel}","templated":true}]}}