{"id":146303,"date":"2022-04-25T13:53:00","date_gmt":"2022-04-25T17:53:00","guid":{"rendered":"https:\/\/linitiative.ca\/International\/un-grand-club-italien-entre-dans-la-course-pour-riyad-mahrez\/"},"modified":"2022-04-25T13:53:00","modified_gmt":"2022-04-25T17:53:00","slug":"un-grand-club-italien-entre-dans-la-course-pour-riyad-mahrez","status":"publish","type":"post","link":"https:\/\/linitiative.ca\/International\/un-grand-club-italien-entre-dans-la-course-pour-riyad-mahrez\/","title":{"rendered":"Un grand club italien entre dans la course pour Riyad Mahrez"},"content":{"rendered":"<div>En fin de contrat en juin 2023, Riyad Mahrez (31 ans) b\u00e9n\u00e9ficie d&rsquo;une belle cote sur le march\u00e9 des transferts.<\/div>\n<p>Auteur:<br \/>\n<a href=\"https:\/\/www.lebuteur.com\/article\/detail?titre=un-grand-club-italien-entre-dans-la-course-pour-riyad-mahrez&#038;id=102771\">Cliquez ici pour lire l&rsquo;article depuis sa source.<\/a><\/p>\n","protected":false},"excerpt":{"rendered":"<p>En fin de contrat en juin 2023, Riyad Mahrez (31 ans) b\u00e9n\u00e9ficie d&rsquo;une belle cote sur le march\u00e9 des transferts. Auteur: Cliquez ici pour lire l&rsquo;article depuis sa source.<\/p>\n","protected":false},"author":1738,"featured_media":0,"comment_status":"closed","ping_status":"closed","sticky":false,"template":"","format":"standard","meta":{"fifu_image_url":"","fifu_image_alt":"","footnotes":""},"categories":[53,75],"tags":[],"class_list":["post-146303","post","type-post","status-publish","format-standard","hentry","category-algerie","category-sport"],"_links":{"self":[{"href":"https:\/\/linitiative.ca\/International\/wp-json\/wp\/v2\/posts\/146303","targetHints":{"allow":["GET"]}}],"collection":[{"href":"https:\/\/linitiative.ca\/International\/wp-json\/wp\/v2\/posts"}],"about":[{"href":"https:\/\/linitiative.ca\/International\/wp-json\/wp\/v2\/types\/post"}],"author":[{"embeddable":true,"href":"https:\/\/linitiative.ca\/International\/wp-json\/wp\/v2\/users\/1738"}],"replies":[{"embeddable":true,"href":"https:\/\/linitiative.ca\/International\/wp-json\/wp\/v2\/comments?post=146303"}],"version-history":[{"count":0,"href":"https:\/\/linitiative.ca\/International\/wp-json\/wp\/v2\/posts\/146303\/revisions"}],"wp:attachment":[{"href":"https:\/\/linitiative.ca\/International\/wp-json\/wp\/v2\/media?parent=146303"}],"wp:term":[{"taxonomy":"category","embeddable":true,"href":"https:\/\/linitiative.ca\/International\/wp-json\/wp\/v2\/categories?post=146303"},{"taxonomy":"post_tag","embeddable":true,"href":"https:\/\/linitiative.ca\/International\/wp-json\/wp\/v2\/tags?post=146303"}],"curies":[{"name":"wp","href":"https:\/\/api.w.org\/{rel}","templated":true}]}}