{"id":146321,"date":"2022-04-25T17:16:37","date_gmt":"2022-04-25T21:16:37","guid":{"rendered":"https:\/\/linitiative.ca\/International\/tunisie-chabbi-saied-a-tire-le-coup-de-grace-sur-le-processus-democratique-en-tunisie\/"},"modified":"2022-04-25T17:16:37","modified_gmt":"2022-04-25T21:16:37","slug":"tunisie-chabbi-saied-a-tire-le-coup-de-grace-sur-le-processus-democratique-en-tunisie","status":"publish","type":"post","link":"https:\/\/linitiative.ca\/International\/tunisie-chabbi-saied-a-tire-le-coup-de-grace-sur-le-processus-democratique-en-tunisie\/","title":{"rendered":"Tunisie \u2013 Chabbi\u00a0: Sa\u00efed a tir\u00e9 le coup de gr\u00e2ce sur le processus d\u00e9mocratique en Tunisie"},"content":{"rendered":"<div>\n<p>Le secr\u00e9taire g\u00e9n\u00e9ral du parti AL Joumhouri, Issam Chebbi a d\u00e9clar\u00e9, ce lundi, sur les ondes d\u2019une radio priv\u00e9e, que le pr\u00e9sident Ka\u00efs Sa\u00efed a tir\u00e9 le coup de gr\u00e2ce sur le processus d\u00e9mocratique en Tunisie. En allusion au dernier d\u00e9cret changeant le statut de l\u2019ISIE. Il a ajout\u00e9 que Sa\u00efed a voulu accaparer tous [\u2026]<\/p>\n<p>L\u2019article <a href=\"https:\/\/www.tunisienumerique.com\/tunisie-chabbi-saied-a-tire-le-coup-de-grace-sur-le-processus-democratique-en-tunisie\/\">Tunisie \u2013 Chabbi\u00a0: Sa\u00efed a tir\u00e9 le coup de gr\u00e2ce sur le processus d\u00e9mocratique en Tunisie<\/a> est apparu en premier sur <a href=\"https:\/\/www.tunisienumerique.com\/\">Tunisie<\/a>.<\/p>\n<\/div>\n<p>Auteur: LM<br \/>\n<a href=\"https:\/\/www.tunisienumerique.com\/tunisie-chabbi-saied-a-tire-le-coup-de-grace-sur-le-processus-democratique-en-tunisie\/\">Cliquez ici pour lire l&rsquo;article depuis sa source.<\/a><\/p>\n","protected":false},"excerpt":{"rendered":"<p>Le secr\u00e9taire g\u00e9n\u00e9ral du parti AL Joumhouri, Issam Chebbi a d\u00e9clar\u00e9, ce lundi, sur les ondes d\u2019une radio priv\u00e9e, que le pr\u00e9sident Ka\u00efs Sa\u00efed a tir\u00e9 le coup de gr\u00e2ce sur le processus d\u00e9mocratique en Tunisie. En allusion au dernier d\u00e9cret changeant le statut de l\u2019ISIE. Il a ajout\u00e9 que Sa\u00efed a voulu accaparer tous [&hellip;]<\/p>\n","protected":false},"author":1789,"featured_media":0,"comment_status":"closed","ping_status":"closed","sticky":false,"template":"","format":"standard","meta":{"fifu_image_url":"","fifu_image_alt":"","footnotes":""},"categories":[73,55],"tags":[],"class_list":["post-146321","post","type-post","status-publish","format-standard","hentry","category-actualite","category-tunisie"],"_links":{"self":[{"href":"https:\/\/linitiative.ca\/International\/wp-json\/wp\/v2\/posts\/146321","targetHints":{"allow":["GET"]}}],"collection":[{"href":"https:\/\/linitiative.ca\/International\/wp-json\/wp\/v2\/posts"}],"about":[{"href":"https:\/\/linitiative.ca\/International\/wp-json\/wp\/v2\/types\/post"}],"author":[{"embeddable":true,"href":"https:\/\/linitiative.ca\/International\/wp-json\/wp\/v2\/users\/1789"}],"replies":[{"embeddable":true,"href":"https:\/\/linitiative.ca\/International\/wp-json\/wp\/v2\/comments?post=146321"}],"version-history":[{"count":0,"href":"https:\/\/linitiative.ca\/International\/wp-json\/wp\/v2\/posts\/146321\/revisions"}],"wp:attachment":[{"href":"https:\/\/linitiative.ca\/International\/wp-json\/wp\/v2\/media?parent=146321"}],"wp:term":[{"taxonomy":"category","embeddable":true,"href":"https:\/\/linitiative.ca\/International\/wp-json\/wp\/v2\/categories?post=146321"},{"taxonomy":"post_tag","embeddable":true,"href":"https:\/\/linitiative.ca\/International\/wp-json\/wp\/v2\/tags?post=146321"}],"curies":[{"name":"wp","href":"https:\/\/api.w.org\/{rel}","templated":true}]}}