{"id":146322,"date":"2022-04-25T16:26:22","date_gmt":"2022-04-25T20:26:22","guid":{"rendered":"https:\/\/linitiative.ca\/International\/enlevement-presume-de-mercenaires-russes-au-mali-un-caillou-dans-les-godasses-de-goita\/"},"modified":"2022-04-25T16:26:22","modified_gmt":"2022-04-25T20:26:22","slug":"enlevement-presume-de-mercenaires-russes-au-mali-un-caillou-dans-les-godasses-de-goita","status":"publish","type":"post","link":"https:\/\/linitiative.ca\/International\/enlevement-presume-de-mercenaires-russes-au-mali-un-caillou-dans-les-godasses-de-goita\/","title":{"rendered":"ENLEVEMENT PRESUME DE MERCENAIRES RUSSES AU MALI : Un caillou dans les godasses de Go\u00efta"},"content":{"rendered":"<div>\n<p><img loading=\"lazy\" decoding=\"async\" width=\"541\" height=\"381\" src=\"https:\/\/linitiative.ca\/International\/wp-content\/uploads\/sites\/23\/2022\/04\/Assami.jpg\" class=\"attachment- size- wp-post-image\" alt=\"\" style=\"float:left; margin:0 15px 15px 0;\" srcset=\"https:\/\/linitiative.ca\/International\/wp-content\/uploads\/sites\/23\/2022\/04\/Assami.jpg 541w, https:\/\/lepays.bf\/wp-content\/uploads\/2022\/04\/Assami-300x211.jpg 300w, https:\/\/lepays.bf\/wp-content\/uploads\/2022\/04\/Assami-150x106.jpg 150w\" sizes=\"auto, (max-width: 541px) 100vw, 541px\">La semaine derni\u00e8re, l\u2019arm\u00e9e fran\u00e7aise affirmait avoir pris des vues portant sur des mercenaires russes enterrant des corps \u00e0 la sauvette. Dans un communiqu\u00e9 publi\u00e9 le 24 avril dernier, le Groupe de soutien \u00e0 l\u2019islam et aux musulmans (JNIM) annonce avoir captur\u00e9 des combattants du [\u2026]<\/p>\n<p>L\u2019article <a rel=\"nofollow\" href=\"https:\/\/lepays.bf\/enlevement-presume-de-mercenaires-russes-au-mali-un-caillou-dans-les-godasses-de-goita\/\">ENLEVEMENT PRESUME DE MERCENAIRES RUSSES AU MALI : Un caillou dans les godasses de Go\u00efta<\/a> est apparu en premier sur <a rel=\"nofollow\" href=\"https:\/\/lepays.bf\/\">Editions Le Pays<\/a>.<\/p>\n<\/div>\n<p>Auteur: Editions LEPAYS<br \/>\n<a href=\"https:\/\/lepays.bf\/enlevement-presume-de-mercenaires-russes-au-mali-un-caillou-dans-les-godasses-de-goita\/\">Cliquez ici pour lire l&rsquo;article depuis sa source.<\/a><\/p>\n","protected":false},"excerpt":{"rendered":"<p>La semaine derni\u00e8re, l\u2019arm\u00e9e fran\u00e7aise affirmait avoir pris des vues portant sur des mercenaires russes enterrant des corps \u00e0 la sauvette. Dans un communiqu\u00e9 publi\u00e9 le 24 avril dernier, le Groupe de soutien \u00e0 l\u2019islam et aux musulmans (JNIM) annonce avoir captur\u00e9 des combattants du [\u2026] L\u2019article ENLEVEMENT PRESUME DE MERCENAIRES RUSSES AU MALI : [&hellip;]<\/p>\n","protected":false},"author":1813,"featured_media":0,"comment_status":"closed","ping_status":"closed","sticky":false,"template":"","format":"standard","meta":{"fifu_image_url":"https:\/\/lepays.bf\/wp-content\/uploads\/2022\/04\/Assami.jpg","fifu_image_alt":"ENLEVEMENT PRESUME DE MERCENAIRES RUSSES AU MALI : Un caillou dans les godasses de Go\u00efta","footnotes":""},"categories":[73,81],"tags":[],"class_list":["post-146322","post","type-post","status-publish","format-standard","hentry","category-actualite","category-burkina-faso"],"_links":{"self":[{"href":"https:\/\/linitiative.ca\/International\/wp-json\/wp\/v2\/posts\/146322","targetHints":{"allow":["GET"]}}],"collection":[{"href":"https:\/\/linitiative.ca\/International\/wp-json\/wp\/v2\/posts"}],"about":[{"href":"https:\/\/linitiative.ca\/International\/wp-json\/wp\/v2\/types\/post"}],"author":[{"embeddable":true,"href":"https:\/\/linitiative.ca\/International\/wp-json\/wp\/v2\/users\/1813"}],"replies":[{"embeddable":true,"href":"https:\/\/linitiative.ca\/International\/wp-json\/wp\/v2\/comments?post=146322"}],"version-history":[{"count":0,"href":"https:\/\/linitiative.ca\/International\/wp-json\/wp\/v2\/posts\/146322\/revisions"}],"wp:attachment":[{"href":"https:\/\/linitiative.ca\/International\/wp-json\/wp\/v2\/media?parent=146322"}],"wp:term":[{"taxonomy":"category","embeddable":true,"href":"https:\/\/linitiative.ca\/International\/wp-json\/wp\/v2\/categories?post=146322"},{"taxonomy":"post_tag","embeddable":true,"href":"https:\/\/linitiative.ca\/International\/wp-json\/wp\/v2\/tags?post=146322"}],"curies":[{"name":"wp","href":"https:\/\/api.w.org\/{rel}","templated":true}]}}