{"id":146324,"date":"2022-04-25T11:18:42","date_gmt":"2022-04-25T15:18:42","guid":{"rendered":"https:\/\/linitiative.ca\/International\/france-lua-felicite-emmanuel-macron-et-veut-des-relations-renovees\/"},"modified":"2022-04-25T11:18:42","modified_gmt":"2022-04-25T15:18:42","slug":"france-lua-felicite-emmanuel-macron-et-veut-des-relations-renovees","status":"publish","type":"post","link":"https:\/\/linitiative.ca\/International\/france-lua-felicite-emmanuel-macron-et-veut-des-relations-renovees\/","title":{"rendered":"France : L\u2019UA f\u00e9licite Emmanuel Macron et veut des relations r\u00e9nov\u00e9es"},"content":{"rendered":"<div>\n<p>R\u00e9\u00e9lu pour un nouveau mandat de 5 ans \u00e0 la t\u00eate de la France avec 58,5 % des voix, Emmanuel Macron re\u00e7oit des f\u00e9licitations du monde entier notamment de l\u2019Afrique.<\/p>\n<p>L\u2019Union africaine (UA), par la voix du pr\u00e9sident de la Commission de l\u2019institution, Moussa Faki Mahamat, a f\u00e9licit\u00e9 ce lundi 25 avril 2022 le candidat de la R\u00e9publique en marche\u00a0 pour sa \u00ab brillante \u00bb r\u00e9\u00e9lection face Marine Le Pen, candidate du Rassemblement national,\u00a0 un parti d\u2019extr\u00eame droite.<\/p>\n<p>Monsieur Faki Mahamat a dit souhaiter des relations r\u00e9nov\u00e9es, qui profitent aux deux partenaires, entre l\u2019Afrique et la France\u00a0 .<\/p>\n<p style=\"text-align: right\"><strong>AK<\/strong><\/p>\n<p>L\u2019article <a rel=\"nofollow\" href=\"https:\/\/www.sidwaya.info\/blog\/2022\/04\/25\/france-lua-felicite-emmanuel-macron-et-veut-des-relations-renovees\/\">France : L\u2019UA f\u00e9licite Emmanuel Macron et veut des relations r\u00e9nov\u00e9es<\/a> est apparu en premier sur <a rel=\"nofollow\" href=\"https:\/\/www.sidwaya.info\/\">Quotidien Sidwaya<\/a>.<\/p>\n<\/div>\n<p>Auteur: Wamini SIDWAYA<br \/>\n<a href=\"https:\/\/www.sidwaya.info\/blog\/2022\/04\/25\/france-lua-felicite-emmanuel-macron-et-veut-des-relations-renovees\/?utm_source=rss&#038;utm_medium=rss&#038;utm_campaign=france-lua-felicite-emmanuel-macron-et-veut-des-relations-renovees\">Cliquez ici pour lire l&rsquo;article depuis sa source.<\/a><\/p>\n","protected":false},"excerpt":{"rendered":"<p>R\u00e9\u00e9lu pour un nouveau mandat de 5 ans \u00e0 la t\u00eate de la France avec 58,5 % des voix, Emmanuel Macron re\u00e7oit des f\u00e9licitations du monde entier notamment de l\u2019Afrique. L\u2019Union africaine (UA), par la voix du pr\u00e9sident de la Commission de l\u2019institution, Moussa Faki Mahamat, a f\u00e9licit\u00e9 ce lundi 25 avril 2022 le candidat [&hellip;]<\/p>\n","protected":false},"author":1816,"featured_media":0,"comment_status":"closed","ping_status":"closed","sticky":false,"template":"","format":"standard","meta":{"fifu_image_url":"","fifu_image_alt":"","footnotes":""},"categories":[73,81],"tags":[],"class_list":["post-146324","post","type-post","status-publish","format-standard","hentry","category-actualite","category-burkina-faso"],"_links":{"self":[{"href":"https:\/\/linitiative.ca\/International\/wp-json\/wp\/v2\/posts\/146324","targetHints":{"allow":["GET"]}}],"collection":[{"href":"https:\/\/linitiative.ca\/International\/wp-json\/wp\/v2\/posts"}],"about":[{"href":"https:\/\/linitiative.ca\/International\/wp-json\/wp\/v2\/types\/post"}],"author":[{"embeddable":true,"href":"https:\/\/linitiative.ca\/International\/wp-json\/wp\/v2\/users\/1816"}],"replies":[{"embeddable":true,"href":"https:\/\/linitiative.ca\/International\/wp-json\/wp\/v2\/comments?post=146324"}],"version-history":[{"count":0,"href":"https:\/\/linitiative.ca\/International\/wp-json\/wp\/v2\/posts\/146324\/revisions"}],"wp:attachment":[{"href":"https:\/\/linitiative.ca\/International\/wp-json\/wp\/v2\/media?parent=146324"}],"wp:term":[{"taxonomy":"category","embeddable":true,"href":"https:\/\/linitiative.ca\/International\/wp-json\/wp\/v2\/categories?post=146324"},{"taxonomy":"post_tag","embeddable":true,"href":"https:\/\/linitiative.ca\/International\/wp-json\/wp\/v2\/tags?post=146324"}],"curies":[{"name":"wp","href":"https:\/\/api.w.org\/{rel}","templated":true}]}}