{"id":146325,"date":"2022-04-25T13:09:08","date_gmt":"2022-04-25T17:09:08","guid":{"rendered":"https:\/\/linitiative.ca\/International\/cooperation-le-togo-veut-adherer-au-commonwealth\/"},"modified":"2022-04-25T13:09:08","modified_gmt":"2022-04-25T17:09:08","slug":"cooperation-le-togo-veut-adherer-au-commonwealth","status":"publish","type":"post","link":"https:\/\/linitiative.ca\/International\/cooperation-le-togo-veut-adherer-au-commonwealth\/","title":{"rendered":"\u00a0Coop\u00e9ration\u00a0: le Togo veut\u00a0 adh\u00e9rer au Commonwealth"},"content":{"rendered":"<div>\n<p>Le Togo, pays membre de la\u00a0 francophonie, veut devenir membre du Commonwealth. Les d\u00e9put\u00e9s togolais ont d\u00e9j\u00e0 vot\u00e9 pour l\u2019adh\u00e9sion du pays \u00e0 l\u2019organisation intergouvernementale fond\u00e9e en 1949. La requ\u00eate sera pr\u00e9sent\u00e9e, d\u2019apr\u00e8s Africanews, aupr\u00e8s du Commonwealth of nations lors du prochain sommet du bloc qui se tiendra au Rwanda en juin, selon les recommandations du Parlement togolais. De l\u2019avis de la \u00a0pr\u00e9sidente du Parlement, Yawa Tsegan, cette initiative permettrait au Togo de renforcer ses programmes d\u2019enseignement de l\u2019anglais et de r\u00e9activer d\u2019autres partenariats sans pour autant quitter la francophonie. Compos\u00e9 de 54 membres dont la plupart sont d\u2019anciennes colonies britanniques, le Commonwealth n\u2019impose aucune obligation \u00e0 ses membres, dont 19 sont des pays africains. Mais sa charte reconna\u00eet qu\u2019il convient d\u2019aider, d\u2019assister dans leur d\u00e9veloppement, les petits Etats et les Etats vuln\u00e9rables.<\/p>\n<p><strong>AK<\/strong><\/p>\n<p>L\u2019article <a rel=\"nofollow\" href=\"https:\/\/www.sidwaya.info\/blog\/2022\/04\/25\/cooperation-le-togo-veut-adherer-au-commonwealth\/\">\u00a0Coop\u00e9ration\u00a0: le Togo veut\u00a0 adh\u00e9rer au Commonwealth<\/a> est apparu en premier sur <a rel=\"nofollow\" href=\"https:\/\/www.sidwaya.info\/\">Quotidien Sidwaya<\/a>.<\/p>\n<\/div>\n<p>Auteur: BS. Sidwaya<br \/>\n<a href=\"https:\/\/www.sidwaya.info\/blog\/2022\/04\/25\/cooperation-le-togo-veut-adherer-au-commonwealth\/?utm_source=rss&#038;utm_medium=rss&#038;utm_campaign=cooperation-le-togo-veut-adherer-au-commonwealth\">Cliquez ici pour lire l&rsquo;article depuis sa source.<\/a><\/p>\n","protected":false},"excerpt":{"rendered":"<p>Le Togo, pays membre de la\u00a0 francophonie, veut devenir membre du Commonwealth. Les d\u00e9put\u00e9s togolais ont d\u00e9j\u00e0 vot\u00e9 pour l\u2019adh\u00e9sion du pays \u00e0 l\u2019organisation intergouvernementale fond\u00e9e en 1949. La requ\u00eate sera pr\u00e9sent\u00e9e, d\u2019apr\u00e8s Africanews, aupr\u00e8s du Commonwealth of nations lors du prochain sommet du bloc qui se tiendra au Rwanda en juin, selon les recommandations [&hellip;]<\/p>\n","protected":false},"author":1816,"featured_media":0,"comment_status":"closed","ping_status":"closed","sticky":false,"template":"","format":"standard","meta":{"fifu_image_url":"","fifu_image_alt":"","footnotes":""},"categories":[73,81],"tags":[],"class_list":["post-146325","post","type-post","status-publish","format-standard","hentry","category-actualite","category-burkina-faso"],"_links":{"self":[{"href":"https:\/\/linitiative.ca\/International\/wp-json\/wp\/v2\/posts\/146325","targetHints":{"allow":["GET"]}}],"collection":[{"href":"https:\/\/linitiative.ca\/International\/wp-json\/wp\/v2\/posts"}],"about":[{"href":"https:\/\/linitiative.ca\/International\/wp-json\/wp\/v2\/types\/post"}],"author":[{"embeddable":true,"href":"https:\/\/linitiative.ca\/International\/wp-json\/wp\/v2\/users\/1816"}],"replies":[{"embeddable":true,"href":"https:\/\/linitiative.ca\/International\/wp-json\/wp\/v2\/comments?post=146325"}],"version-history":[{"count":0,"href":"https:\/\/linitiative.ca\/International\/wp-json\/wp\/v2\/posts\/146325\/revisions"}],"wp:attachment":[{"href":"https:\/\/linitiative.ca\/International\/wp-json\/wp\/v2\/media?parent=146325"}],"wp:term":[{"taxonomy":"category","embeddable":true,"href":"https:\/\/linitiative.ca\/International\/wp-json\/wp\/v2\/categories?post=146325"},{"taxonomy":"post_tag","embeddable":true,"href":"https:\/\/linitiative.ca\/International\/wp-json\/wp\/v2\/tags?post=146325"}],"curies":[{"name":"wp","href":"https:\/\/api.w.org\/{rel}","templated":true}]}}