{"id":146326,"date":"2022-04-25T13:51:20","date_gmt":"2022-04-25T17:51:20","guid":{"rendered":"https:\/\/linitiative.ca\/International\/operation-conjointe-taanli-3-burkina-niger-une-centaine-de-terroristes-neutralises\/"},"modified":"2022-04-25T13:51:20","modified_gmt":"2022-04-25T17:51:20","slug":"operation-conjointe-taanli-3-burkina-niger-une-centaine-de-terroristes-neutralises","status":"publish","type":"post","link":"https:\/\/linitiative.ca\/International\/operation-conjointe-taanli-3-burkina-niger-une-centaine-de-terroristes-neutralises\/","title":{"rendered":"Op\u00e9ration conjointe Taanli 3 Burkina-Niger : une centaine de terroristes neutralis\u00e9s"},"content":{"rendered":"<div>\n<p><strong>La troisi\u00e8me phase de l\u2019op\u00e9ration conjointe Taanli (Alliance ou coh\u00e9sion en langue gulmatch\u00e9ma) entre le Burkina Faso et le Niger s\u2019est d\u00e9roul\u00e9e du 02 au 25 avril 2022 \u00e0 la fronti\u00e8re entre les deux pays.<\/strong><\/p>\n<p>Le bilan provisoire fait \u00e9tat d\u2019une centaine de terroristes neutralis\u00e9s et au moins 40 suspects interpell\u00e9s. L\u2019op\u00e9ration a \u00e9galement permis de d\u00e9manteler une base terroriste et de saisir ou d\u00e9truire deux bases logistiques, de l\u2019armement, des munitions, des dizaines de f\u00fbts de carburant, des moyens roulants, des produits prohib\u00e9s et du mat\u00e9riel pour la fabrication d\u2019engins explosifs.<\/p>\n<p>Toutefois, deux militaires \u00a0ont \u00e9t\u00e9 tu\u00e9s au cours de l\u2019op\u00e9ration et deux autres bless\u00e9s.<\/p>\n<p><img decoding=\"async\" loading=\"lazy\" class=\"alignnone size-full wp-image-48570\" src=\"https:\/\/linitiative.ca\/International\/wp-content\/uploads\/sites\/23\/2022\/04\/Operation-Taanli.png\" alt=\"\" width=\"454\" height=\"208\" srcset=\"https:\/\/linitiative.ca\/International\/wp-content\/uploads\/sites\/23\/2022\/04\/Operation-Taanli.png 454w, https:\/\/www.sidwaya.info\/wp-content\/uploads\/2022\/04\/Operation-Taanli-300x137.png 300w, https:\/\/www.sidwaya.info\/wp-content\/uploads\/2022\/04\/Operation-Taanli-150x69.png 150w\" sizes=\"auto, (max-width: 454px) 100vw, 454px\"><\/p>\n<p>Le point de l\u2019op\u00e9ration a \u00e9t\u00e9 fait ce 25 avril 2022 en pr\u00e9sence des Chefs d\u2019\u00e9tat-major du Burkina Faso, le colonel-major David Kabr\u00e9 et du Niger le g\u00e9n\u00e9ral de division Salifou Mody.<\/p>\n<p>Ces r\u00e9sultats, que les deux pays qualifient de succ\u00e8s, t\u00e9moignent, soulignent-ils de l\u2019excellence de la coop\u00e9ration militaire entre le Burkina Faso et le Niger dans le cadre de la lutte contre le terrorisme.<\/p>\n<figure id=\"attachment_48566\" aria-describedby=\"caption-attachment-48566\" style=\"width: 340px\" class=\"wp-caption alignleft\"><img decoding=\"async\" loading=\"lazy\" class=\"wp-image-48566 \" src=\"https:\/\/linitiative.ca\/International\/wp-content\/uploads\/sites\/23\/2022\/04\/CEMGAs-Burkina-Niger.png\" alt=\"\" width=\"340\" height=\"249\" srcset=\"https:\/\/linitiative.ca\/International\/wp-content\/uploads\/sites\/23\/2022\/04\/CEMGAs-Burkina-Niger.png 301w, https:\/\/www.sidwaya.info\/wp-content\/uploads\/2022\/04\/CEMGAs-Burkina-Niger-150x110.png 150w, https:\/\/www.sidwaya.info\/wp-content\/uploads\/2022\/04\/CEMGAs-Burkina-Niger-80x60.png 80w\" sizes=\"auto, (max-width: 340px) 100vw, 340px\"><figcaption id=\"caption-attachment-48566\" class=\"wp-caption-text\">Les chefs d\u2019Etat-major des arm\u00e9es des deux pays ont f\u00e9licit\u00e9 les unit\u00e9s d\u00e9ploy\u00e9es pour les r\u00e9sultats obtenus<\/figcaption><\/figure>\n<p>L\u2019\u00e9tat-major conjoint de cette 3<sup>e<\/sup> phase, bas\u00e9 au 11e R\u00e9giment d\u2019infanterie commando (RIC) de Dori, a coordonn\u00e9 la man\u0153uvre des unit\u00e9s tactiques Burkinab\u00e8 et nig\u00e9riennes engag\u00e9es sur le terrain.<\/p>\n<p>Le rapport d\u2019op\u00e9ration indique que les deux parties burkinab\u00e8 et nig\u00e9rienne ont, chacune, d\u00e9ploy\u00e9 plusieurs unit\u00e9s terrestres et des a\u00e9ronefs de surveillance et de combat pour venir en appui aux unit\u00e9s engag\u00e9es.<\/p>\n<p>Le rapport rappelle que l\u2019un des objectifs majeurs de l\u2019op\u00e9ration Taanli 3 a \u00e9t\u00e9 de s\u00e9curiser les populations de la zone d\u2019op\u00e9ration et leurs biens. L\u2019on apprend donc que \u00ab\u00a0les unit\u00e9s militaires ont r\u00e9ussi \u00e0 lib\u00e9rer les voies d\u2019acc\u00e8s \u00e0 certains villages pour permettre \u00e0 la vie de reprendre\u00a0\u00bb.<\/p>\n<figure id=\"attachment_48569\" aria-describedby=\"caption-attachment-48569\" style=\"width: 207px\" class=\"wp-caption alignright\"><img decoding=\"async\" loading=\"lazy\" class=\"size-full wp-image-48569\" src=\"https:\/\/linitiative.ca\/International\/wp-content\/uploads\/sites\/23\/2022\/04\/Militaires-sur-le-terrain.png\" alt=\"\" width=\"207\" height=\"166\" srcset=\"https:\/\/linitiative.ca\/International\/wp-content\/uploads\/sites\/23\/2022\/04\/Militaires-sur-le-terrain.png 207w, https:\/\/www.sidwaya.info\/wp-content\/uploads\/2022\/04\/Militaires-sur-le-terrain-150x120.png 150w\" sizes=\"auto, (max-width: 207px) 100vw, 207px\"><figcaption id=\"caption-attachment-48569\" class=\"wp-caption-text\">Taanli 3 a permis de d\u00e9gager les voies d\u2019acc\u00e8s \u00e0 certains villages et op\u00e9rer des actions civilo-militaires<\/figcaption><\/figure>\n<p>Des actions civilo-militaires de soutien aux populations telles que le ravitaillement en vivres et l\u2019offre de soins m\u00e9dicaux ont aussi \u00e9t\u00e9 men\u00e9es de part et d\u2019autre de la fronti\u00e8re. \u00ab\u00a0Au total, pr\u00e8s de 200 tonnes de vivres (c\u00e9r\u00e9ales, sucre, huile, sel, etc) ont pu \u00eatre achemin\u00e9es au cours de l\u2019op\u00e9ration. Des lots de m\u00e9dicaments ont \u00e9galement \u00e9t\u00e9 remis dans plusieurs localit\u00e9s au Burkina et au Niger\u00a0\u00bb, indique le rapport d\u2019op\u00e9ration publi\u00e9 ce jour.<\/p>\n<p style=\"text-align: right\"><strong>F.O.<\/strong><\/p>\n<p>L\u2019article <a rel=\"nofollow\" href=\"https:\/\/www.sidwaya.info\/blog\/2022\/04\/25\/operation-conjointe-taanli-3-burkina-niger-une-centaine-de-terroristes-neutralises\/\">Op\u00e9ration conjointe Taanli 3 Burkina-Niger : une centaine de terroristes neutralis\u00e9s<\/a> est apparu en premier sur <a rel=\"nofollow\" href=\"https:\/\/www.sidwaya.info\/\">Quotidien Sidwaya<\/a>.<\/p>\n<\/div>\n<p>Auteur: Wamini SIDWAYA<br \/>\n<a href=\"https:\/\/www.sidwaya.info\/blog\/2022\/04\/25\/operation-conjointe-taanli-3-burkina-niger-une-centaine-de-terroristes-neutralises\/?utm_source=rss&#038;utm_medium=rss&#038;utm_campaign=operation-conjointe-taanli-3-burkina-niger-une-centaine-de-terroristes-neutralises\">Cliquez ici pour lire l&rsquo;article depuis sa source.<\/a><\/p>\n","protected":false},"excerpt":{"rendered":"<p>La troisi\u00e8me phase de l\u2019op\u00e9ration conjointe Taanli (Alliance ou coh\u00e9sion en langue gulmatch\u00e9ma) entre le Burkina Faso et le Niger s\u2019est d\u00e9roul\u00e9e du 02 au 25 avril 2022 \u00e0 la fronti\u00e8re entre les deux pays. Le bilan provisoire fait \u00e9tat d\u2019une centaine de terroristes neutralis\u00e9s et au moins 40 suspects interpell\u00e9s. L\u2019op\u00e9ration a \u00e9galement permis [&hellip;]<\/p>\n","protected":false},"author":1816,"featured_media":0,"comment_status":"closed","ping_status":"closed","sticky":false,"template":"","format":"standard","meta":{"fifu_image_url":"https:\/\/www.sidwaya.info\/wp-content\/uploads\/2022\/04\/Operation-Taanli.png","fifu_image_alt":"Op\u00e9ration conjointe Taanli 3 Burkina-Niger : une centaine de terroristes neutralis\u00e9s","footnotes":""},"categories":[73,81],"tags":[],"class_list":["post-146326","post","type-post","status-publish","format-standard","hentry","category-actualite","category-burkina-faso"],"_links":{"self":[{"href":"https:\/\/linitiative.ca\/International\/wp-json\/wp\/v2\/posts\/146326","targetHints":{"allow":["GET"]}}],"collection":[{"href":"https:\/\/linitiative.ca\/International\/wp-json\/wp\/v2\/posts"}],"about":[{"href":"https:\/\/linitiative.ca\/International\/wp-json\/wp\/v2\/types\/post"}],"author":[{"embeddable":true,"href":"https:\/\/linitiative.ca\/International\/wp-json\/wp\/v2\/users\/1816"}],"replies":[{"embeddable":true,"href":"https:\/\/linitiative.ca\/International\/wp-json\/wp\/v2\/comments?post=146326"}],"version-history":[{"count":0,"href":"https:\/\/linitiative.ca\/International\/wp-json\/wp\/v2\/posts\/146326\/revisions"}],"wp:attachment":[{"href":"https:\/\/linitiative.ca\/International\/wp-json\/wp\/v2\/media?parent=146326"}],"wp:term":[{"taxonomy":"category","embeddable":true,"href":"https:\/\/linitiative.ca\/International\/wp-json\/wp\/v2\/categories?post=146326"},{"taxonomy":"post_tag","embeddable":true,"href":"https:\/\/linitiative.ca\/International\/wp-json\/wp\/v2\/tags?post=146326"}],"curies":[{"name":"wp","href":"https:\/\/api.w.org\/{rel}","templated":true}]}}