{"id":146332,"date":"2022-04-25T13:18:03","date_gmt":"2022-04-25T17:18:03","guid":{"rendered":"https:\/\/linitiative.ca\/International\/mali-des-jihadistes-annoncent-la-capture-dun-mercenaire-russe\/"},"modified":"2022-04-25T13:18:03","modified_gmt":"2022-04-25T17:18:03","slug":"mali-des-jihadistes-annoncent-la-capture-dun-mercenaire-russe","status":"publish","type":"post","link":"https:\/\/linitiative.ca\/International\/mali-des-jihadistes-annoncent-la-capture-dun-mercenaire-russe\/","title":{"rendered":"Mali : des jihadistes annoncent la capture d\u2019un mercenaire russe"},"content":{"rendered":"<div>\n<p><img decoding=\"async\" width=\"500\" height=\"260\" src=\"https:\/\/linitiative.ca\/International\/wp-content\/uploads\/sites\/23\/2022\/04\/16509070834360.jpg\" class=\"attachment-post-thumbnail size-post-thumbnail wp-post-image\" alt=\"\" loading=\"lazy\" srcset=\"https:\/\/linitiative.ca\/International\/wp-content\/uploads\/sites\/23\/2022\/04\/16509070834360.jpg 500w, https:\/\/www.journalducameroun.com\/wp-content\/uploads\/2022\/04\/16509070834360-300x156.jpg 300w\" sizes=\"auto, (max-width: 500px) 100vw, 500px\"><\/p>\n<p>Le membre du groupe paramilitaire russe Wagner a \u00e9t\u00e9 appr\u00e9hend\u00e9 dans le centre du pays.Une preuve de la pr\u00e9sence de mercenaires russes au Mali ? Le Groupe de Soutien \u00e0 l&rsquo;Islam et aux Musulmans (GSIM) annonce avoir mis la main sur un membre de la soci\u00e9t\u00e9 Wagner dans la r\u00e9gion de S\u00e9gou (centre).<\/p>\n<p>\u00ab Durant la premi\u00e8re semaine d&rsquo;avril, nous avons captur\u00e9 un soldat des forces russes Wagner dans la r\u00e9gion de S\u00e9gou \u00bb, \u00e9crit le GNIM dans un communiqu\u00e9 relay\u00e9 par la presse, pr\u00e9cisant que le captif \u00e9tait engag\u00e9 sur le front de la lutte antijihadiste.<\/p>\n<p>La source pr\u00e9cise que les combattants de Wagner \u00ab ont particip\u00e9 avec l&rsquo;arm\u00e9e malienne \u00e0 une op\u00e9ration de parachutage sur un march\u00e9 dans le village de Moura o\u00f9 elles ont affront\u00e9 plusieurs moudjahidines avant d&rsquo;encercler cette localit\u00e9 pendant cinq jours et tuer des centaines de civils innocents \u00bb.<\/p>\n<p>\u00ab Les moudjahidines,\u00a0poursuit le GNIM, ont par ailleurs fait face \u00e0 deux op\u00e9rations de parachutage men\u00e9es par les mercenaires au-dessus des falaises de Bandiagara, \u00e0 70 km de S\u00e9var\u00e9. Ils ont r\u00e9ussi \u00e0 confisquer des armes des mercenaires qui ont pris la fuite \u00bb.<\/p>\n<p>Au cours d&rsquo;une une offensive a\u00e9roterrestre contre les jihadistes men\u00e9e du 23 au 31 mars 2022 \u00e0 Moura, dans le Centre du Mali, les Forces arm\u00e9es maliennes (FAMa) avait annonc\u00e9 la mort de 203 jihadistes. Mais selon plusieurs organisations de d\u00e9fense des droits humains, il s&rsquo;agit d&rsquo;un massacre de civils, poussant Bamako \u00e0 annoncer des \u00ab investigations approfondies \u00bb confi\u00e9es \u00e0 la Gendarmerie nationale.<\/p>\n<p>Cet article <a rel=\"nofollow\" href=\"https:\/\/www.journalducameroun.com\/mali-des-jihadistes-annoncent-la-capture-dun-mercenaire-russe\/\">Mali : des jihadistes annoncent la capture d\u2019un mercenaire russe<\/a> est apparu en premier sur <a rel=\"nofollow\" href=\"https:\/\/www.journalducameroun.com\/\">Journal du Cameroun<\/a>.<\/p>\n<\/div>\n<p>Auteur: APA News<br \/>\n<a href=\"https:\/\/www.journalducameroun.com\/mali-des-jihadistes-annoncent-la-capture-dun-mercenaire-russe\/\">Cliquez ici pour lire l&rsquo;article depuis sa source.<\/a><\/p>\n","protected":false},"excerpt":{"rendered":"<p>Le membre du groupe paramilitaire russe Wagner a \u00e9t\u00e9 appr\u00e9hend\u00e9 dans le centre du pays.Une preuve de la pr\u00e9sence de mercenaires russes au Mali ? Le Groupe de Soutien \u00e0 l&rsquo;Islam et aux Musulmans (GSIM) annonce avoir mis la main sur un membre de la soci\u00e9t\u00e9 Wagner dans la r\u00e9gion de S\u00e9gou (centre). \u00ab Durant [&hellip;]<\/p>\n","protected":false},"author":1965,"featured_media":0,"comment_status":"closed","ping_status":"closed","sticky":false,"template":"","format":"standard","meta":{"fifu_image_url":"https:\/\/www.journalducameroun.com\/wp-content\/uploads\/2022\/04\/16509070834360.jpg","fifu_image_alt":"Mali : des jihadistes annoncent la capture d\u2019un mercenaire russe","footnotes":""},"categories":[73,82],"tags":[],"class_list":["post-146332","post","type-post","status-publish","format-standard","hentry","category-actualite","category-cameroun"],"_links":{"self":[{"href":"https:\/\/linitiative.ca\/International\/wp-json\/wp\/v2\/posts\/146332","targetHints":{"allow":["GET"]}}],"collection":[{"href":"https:\/\/linitiative.ca\/International\/wp-json\/wp\/v2\/posts"}],"about":[{"href":"https:\/\/linitiative.ca\/International\/wp-json\/wp\/v2\/types\/post"}],"author":[{"embeddable":true,"href":"https:\/\/linitiative.ca\/International\/wp-json\/wp\/v2\/users\/1965"}],"replies":[{"embeddable":true,"href":"https:\/\/linitiative.ca\/International\/wp-json\/wp\/v2\/comments?post=146332"}],"version-history":[{"count":0,"href":"https:\/\/linitiative.ca\/International\/wp-json\/wp\/v2\/posts\/146332\/revisions"}],"wp:attachment":[{"href":"https:\/\/linitiative.ca\/International\/wp-json\/wp\/v2\/media?parent=146332"}],"wp:term":[{"taxonomy":"category","embeddable":true,"href":"https:\/\/linitiative.ca\/International\/wp-json\/wp\/v2\/categories?post=146332"},{"taxonomy":"post_tag","embeddable":true,"href":"https:\/\/linitiative.ca\/International\/wp-json\/wp\/v2\/tags?post=146332"}],"curies":[{"name":"wp","href":"https:\/\/api.w.org\/{rel}","templated":true}]}}