{"id":146340,"date":"2022-04-25T17:45:17","date_gmt":"2022-04-25T21:45:17","guid":{"rendered":"https:\/\/linitiative.ca\/International\/algerie-cameroun-samuel-etoo-repond-a-djamel-belmadi\/"},"modified":"2022-04-25T17:45:17","modified_gmt":"2022-04-25T21:45:17","slug":"algerie-cameroun-samuel-etoo-repond-a-djamel-belmadi","status":"publish","type":"post","link":"https:\/\/linitiative.ca\/International\/algerie-cameroun-samuel-etoo-repond-a-djamel-belmadi\/","title":{"rendered":"Alg\u00e9rie-Cameroun : Samuel Eto\u2019o r\u00e9pond \u00e0 Djamel Belmadi"},"content":{"rendered":"<div>\n<p><img decoding=\"async\" width=\"592\" height=\"296\" src=\"https:\/\/linitiative.ca\/International\/wp-content\/uploads\/sites\/23\/2022\/04\/Samuel-Etoo.jpg\" class=\"attachment-post-thumbnail size-post-thumbnail wp-post-image\" alt=\"\" loading=\"lazy\" srcset=\"https:\/\/linitiative.ca\/International\/wp-content\/uploads\/sites\/23\/2022\/04\/Samuel-Etoo.jpg 592w, https:\/\/www.journalducameroun.com\/wp-content\/uploads\/2020\/03\/Samuel-Etoo-300x150.jpg 300w\" sizes=\"auto, (max-width: 592px) 100vw, 592px\"><\/p>\n<h2 style=\"text-align: justify;\"><strong>Dans un communiqu\u00e9 publi\u00e9 ce lundi soir, le pr\u00e9sident de la F\u00e9cafoot a tenu \u00e0 condamner les propos tenus par l\u2019entra\u00eeneur alg\u00e9rien Djamel Belmadi. <\/strong><\/h2>\n<p style=\"text-align: justify;\">La F\u00e9cafoot a r\u00e9agi aux propos discourtois tenu par le s\u00e9lectionneur de l\u2019Alg\u00e9rie dans lesquels il remettait une nouvelle fois en cause l\u2019arbitrage du match Alg\u00e9rie \u2013 Cameroun ayant eu lieu le 29 mars dernier \u00e0 Blida. Apr\u00e8s des d\u00e9clarations cibl\u00e9es et r\u00e9p\u00e9t\u00e9es de la part des dirigeants alg\u00e9riens, l\u2019instance fa\u00eeti\u00e8re du football camerounais a d\u00e9cid\u00e9 de sortir du silence et menace de porter l\u2019affaire devant la Commission d\u2019Ethique de la FIFA.<\/p>\n<p style=\"text-align: justify;\">La F\u00e9cafoot conteste <em>\u00ab\u00a0ces all\u00e9gations diffamatoires instill\u00e9es de mani\u00e8re allusive et formul\u00e9es de fa\u00e7on r\u00e9p\u00e9titives par des dirigeants alg\u00e9riens du football\u00a0\u00bb. Par la voix de son pr\u00e9sident Samuel Eto\u2019o, la F\u00e9d\u00e9ration camerounaise regrette par ailleurs que la persistance de cette pol\u00e9mique au long cours \u00ab\u00a0soit de nature \u00e0 provoquer des incidents similaires \u00e0 l\u2019agression verbale subie par des responsables camerounais le 1er avril dernier \u00e0 Doha en marge du tirage au sort\u00a0de la Coupe du monde Qatar 2022\u00a0\u00bb.<\/em><\/p>\n<p><img loading=\"lazy\" decoding=\"async\" class=\"alignnone size-medium wp-image-408297\" src=\"https:\/\/linitiative.ca\/International\/wp-content\/uploads\/sites\/23\/2022\/04\/Communique-Fecafoot-212x300-1.jpeg\" alt=\"\" width=\"212\" height=\"300\"><\/p>\n<p style=\"text-align: justify;\">Samuel Eto\u2019o est cat\u00e9gorique : <em>\u00ab\u00a0le Cameroun se r\u00e9serve le droit de porter l\u2019affaire dans les prochains jours devant la Commission d\u2019\u00e9thique de la FIFA\u00a0\u00bb.<\/em> La F\u00e9cafoot exhorte les dirigeants alg\u00e9riens du football \u00e0 user des voies l\u00e9gales pour exercer les droits qui leur sont reconnus.<\/p>\n<p style=\"text-align: justify;\">Rappelons que depuis leur \u00e9limination \u00e0 la porte du Mondial 2022 par le Cameroun le 29 mars \u00e0 Blida (1-2), l\u2019Alg\u00e9rie continue de contester les r\u00e9sultats de cette rencontre. La F\u00e9d\u00e9ration alg\u00e9rienne et l\u2019entra\u00eeneur Belmadi accusent l\u2019arbitre Gassama d\u2019avoir pris parti pour les Lions indomptables.<\/p>\n<p>Cet article <a rel=\"nofollow\" href=\"https:\/\/www.journalducameroun.com\/algerie-cameroun-samuel-etoo-repond-a-djamel-belmadi\/\">Alg\u00e9rie-Cameroun : Samuel Eto\u2019o r\u00e9pond \u00e0 Djamel Belmadi<\/a> est apparu en premier sur <a rel=\"nofollow\" href=\"https:\/\/www.journalducameroun.com\/\">Journal du Cameroun<\/a>.<\/p>\n<\/div>\n<p>Auteur: Emile Zola Nd\u00e9 Tchoussi<br \/>\n<a href=\"https:\/\/www.journalducameroun.com\/algerie-cameroun-samuel-etoo-repond-a-djamel-belmadi\/\">Cliquez ici pour lire l&rsquo;article depuis sa source.<\/a><\/p>\n","protected":false},"excerpt":{"rendered":"<p>Dans un communiqu\u00e9 publi\u00e9 ce lundi soir, le pr\u00e9sident de la F\u00e9cafoot a tenu \u00e0 condamner les propos tenus par l\u2019entra\u00eeneur alg\u00e9rien Djamel Belmadi. La F\u00e9cafoot a r\u00e9agi aux propos discourtois tenu par le s\u00e9lectionneur de l\u2019Alg\u00e9rie dans lesquels il remettait une nouvelle fois en cause l\u2019arbitrage du match Alg\u00e9rie \u2013 Cameroun ayant eu lieu [&hellip;]<\/p>\n","protected":false},"author":1965,"featured_media":0,"comment_status":"closed","ping_status":"closed","sticky":false,"template":"","format":"standard","meta":{"fifu_image_url":"https:\/\/www.journalducameroun.com\/wp-content\/uploads\/2020\/03\/Samuel-Etoo.jpg","fifu_image_alt":"Alg\u00e9rie-Cameroun : Samuel Eto\u2019o r\u00e9pond \u00e0 Djamel Belmadi","footnotes":""},"categories":[73,82],"tags":[],"class_list":["post-146340","post","type-post","status-publish","format-standard","hentry","category-actualite","category-cameroun"],"_links":{"self":[{"href":"https:\/\/linitiative.ca\/International\/wp-json\/wp\/v2\/posts\/146340","targetHints":{"allow":["GET"]}}],"collection":[{"href":"https:\/\/linitiative.ca\/International\/wp-json\/wp\/v2\/posts"}],"about":[{"href":"https:\/\/linitiative.ca\/International\/wp-json\/wp\/v2\/types\/post"}],"author":[{"embeddable":true,"href":"https:\/\/linitiative.ca\/International\/wp-json\/wp\/v2\/users\/1965"}],"replies":[{"embeddable":true,"href":"https:\/\/linitiative.ca\/International\/wp-json\/wp\/v2\/comments?post=146340"}],"version-history":[{"count":0,"href":"https:\/\/linitiative.ca\/International\/wp-json\/wp\/v2\/posts\/146340\/revisions"}],"wp:attachment":[{"href":"https:\/\/linitiative.ca\/International\/wp-json\/wp\/v2\/media?parent=146340"}],"wp:term":[{"taxonomy":"category","embeddable":true,"href":"https:\/\/linitiative.ca\/International\/wp-json\/wp\/v2\/categories?post=146340"},{"taxonomy":"post_tag","embeddable":true,"href":"https:\/\/linitiative.ca\/International\/wp-json\/wp\/v2\/tags?post=146340"}],"curies":[{"name":"wp","href":"https:\/\/api.w.org\/{rel}","templated":true}]}}