{"id":146343,"date":"2022-04-25T07:46:38","date_gmt":"2022-04-25T11:46:38","guid":{"rendered":"https:\/\/linitiative.ca\/International\/prix-des-produits-de-grande-consommation-le-gouvernement-prescrit-le-depot-des-baremes\/"},"modified":"2022-04-25T07:46:38","modified_gmt":"2022-04-25T11:46:38","slug":"prix-des-produits-de-grande-consommation-le-gouvernement-prescrit-le-depot-des-baremes","status":"publish","type":"post","link":"https:\/\/linitiative.ca\/International\/prix-des-produits-de-grande-consommation-le-gouvernement-prescrit-le-depot-des-baremes\/","title":{"rendered":"Prix des produits de grande consommation\u00a0: le gouvernement prescrit le d\u00e9p\u00f4t des bar\u00e8mes"},"content":{"rendered":"<div>\n<p>Les p\u00e2tes alimentaires, la sardine \u00e0 l\u2019huile, la margarine, les alcools et spiritueux, les lessives et savons de m\u00e9nage, les emballages, les c\u00e2bles et fils \u00e9lectriques, les peintures et les carreaux sont d\u00e9sormais autoris\u00e9s \u00e0 la vente apr\u00e8s le d\u00e9p\u00f4t des bar\u00e8mes de prix. La mesure qui s\u2019applique aux producteurs, importateurs ainsi qu\u2019aux commer\u00e7ants grossistes, fait suite selon les responsables du minist\u00e8re au d\u00e9sordre observ\u00e9 dans les \u00e9tals. \u00abOn a pris cette mesure pour que les commer\u00e7ants ne se livrent plus \u00e0 la sp\u00e9culation qui a cours actuellement sur les march\u00e9s ; les prix n\u2019ob\u00e9issent plus \u00e0 aucune logique et ce sont les consommateurs qui paient le prix fort \u00bb, indique un responsable au minist\u00e8re du Commerce.<\/p>\n<p>A l\u2019heure o\u00f9 les prix flambent au jour le jour, cette liste de produits soumis \u00e0 homologation des prix interroge et suscite quelques curiosit\u00e9s. En effet, l\u2019on constate que l\u2019arr\u00eat\u00e9 du ministre du Commerce sign\u00e9 le 14 avril dernier ne fait mention de quelques produits alors que les denr\u00e9es telles le riz, la farine de bl\u00e9, les huiles v\u00e9g\u00e9tales, le lait sont absents des pr\u00e9occupations minist\u00e9rielles. A ce sujet, l\u2019on n\u2019est pas ouvert \u00e0 la discussion au minist\u00e8re du Commerce. Pas plus que l\u2019on ne signale le pr\u00e9texte r\u00e9el de la prise de cet arr\u00eat\u00e9 qui exclut des produits telles les viandes ou encore le poisson de ce d\u00e9p\u00f4t pr\u00e9alable des bar\u00e8mes des prix avant exposition sur les rayons et les \u00e9tals.<\/p>\n<p>\u00abCe qu\u2019il faut savoir c\u2019est si ces produits \u00e9taient d\u00e9j\u00e0 soumis \u00e0 un d\u00e9p\u00f4t pr\u00e9alable ; mais je pense que l\u2019homologation des prix dont font l\u2019objet certains produits peut d\u00e9j\u00e0 valoir d\u00e9p\u00f4t de bar\u00e8mes parce que ce sont ces prix homologu\u00e9s qui sont appliqu\u00e9s sur le terrain. Du coup, la tendance est l\u2019ajout de nouveaux produits aujourd\u2019hui parce qu\u2019effectivement, avec la conjoncture actuelle, il n\u2019est pas question de laisser les consommateurs aux mains des commer\u00e7ants sans m\u00e9canisme de contr\u00f4le et de surveillance des prix \u00bb, rel\u00e8ve Boniface Mballa, \u00e9conomiste.<\/p>\n<p>Nombre de produits, b\u00e9n\u00e9ficiant des mesures de l\u2019ordonnance pr\u00e9sidentielle de 2008, sont exon\u00e9r\u00e9s de droits et taxes de douane. \u00abLe principe c\u2019est la libert\u00e9 de prix ; mais il ne faut pas beaucoup compter sur l\u2019Etat en mati\u00e8re de surveillance des prix. C\u2019est pour cette raison qu\u2019il faut garder les produits strat\u00e9giques pour que la surveillance soit efficace\u00bb, explique l\u2019\u00e9conomiste.<\/p>\n<p>Mais la curiosit\u00e9 de cette liste reste la pr\u00e9sence des liqueurs et spiritueux. Difficile de comprendre le choix des autorit\u00e9s sur ces produits de luxe dont peuvent pourtant se passer les m\u00e9nages et autres consommateurs. \u00abCeux qui ont introduit ces produits ont peut-\u00eatre une id\u00e9e derri\u00e8re la t\u00eate \u00e0 savoir faire que les prix des liqueurs et autres alcools comme les spiritueux soient d\u00e9mocratis\u00e9s question de permettre que les gens boivent plus. A la limite, on se moque des prix des liqueurs ; ce qui importe ce sont les prix des produits de grande consommation\u00bb, poursuit-il.<\/p>\n<p>L\u2019article <a rel=\"nofollow\" href=\"https:\/\/ecomatin.net\/prix-des-produits-de-grande-consommation-le-gouvernement-prescrit-le-depot-des-baremes\/\">Prix des produits de grande consommation\u00a0: le gouvernement prescrit le d\u00e9p\u00f4t des bar\u00e8mes<\/a> est apparu en premier sur <a rel=\"nofollow\" href=\"https:\/\/ecomatin.net\/\">EcoMatin<\/a>.<\/p>\n<\/div>\n<p>Auteur: EcoMatin<br \/>\n<a href=\"https:\/\/ecomatin.net\/prix-des-produits-de-grande-consommation-le-gouvernement-prescrit-le-depot-des-baremes\/\">Cliquez ici pour lire l&rsquo;article depuis sa source.<\/a><\/p>\n","protected":false},"excerpt":{"rendered":"<p>Les p\u00e2tes alimentaires, la sardine \u00e0 l\u2019huile, la margarine, les alcools et spiritueux, les lessives et savons de m\u00e9nage, les emballages, les c\u00e2bles et fils \u00e9lectriques, les peintures et les carreaux sont d\u00e9sormais autoris\u00e9s \u00e0 la vente apr\u00e8s le d\u00e9p\u00f4t des bar\u00e8mes de prix. La mesure qui s\u2019applique aux producteurs, importateurs ainsi qu\u2019aux commer\u00e7ants grossistes, [&hellip;]<\/p>\n","protected":false},"author":1969,"featured_media":0,"comment_status":"closed","ping_status":"closed","sticky":false,"template":"","format":"standard","meta":{"fifu_image_url":"","fifu_image_alt":"","footnotes":""},"categories":[82,78],"tags":[],"class_list":["post-146343","post","type-post","status-publish","format-standard","hentry","category-cameroun","category-economie"],"_links":{"self":[{"href":"https:\/\/linitiative.ca\/International\/wp-json\/wp\/v2\/posts\/146343","targetHints":{"allow":["GET"]}}],"collection":[{"href":"https:\/\/linitiative.ca\/International\/wp-json\/wp\/v2\/posts"}],"about":[{"href":"https:\/\/linitiative.ca\/International\/wp-json\/wp\/v2\/types\/post"}],"author":[{"embeddable":true,"href":"https:\/\/linitiative.ca\/International\/wp-json\/wp\/v2\/users\/1969"}],"replies":[{"embeddable":true,"href":"https:\/\/linitiative.ca\/International\/wp-json\/wp\/v2\/comments?post=146343"}],"version-history":[{"count":0,"href":"https:\/\/linitiative.ca\/International\/wp-json\/wp\/v2\/posts\/146343\/revisions"}],"wp:attachment":[{"href":"https:\/\/linitiative.ca\/International\/wp-json\/wp\/v2\/media?parent=146343"}],"wp:term":[{"taxonomy":"category","embeddable":true,"href":"https:\/\/linitiative.ca\/International\/wp-json\/wp\/v2\/categories?post=146343"},{"taxonomy":"post_tag","embeddable":true,"href":"https:\/\/linitiative.ca\/International\/wp-json\/wp\/v2\/tags?post=146343"}],"curies":[{"name":"wp","href":"https:\/\/api.w.org\/{rel}","templated":true}]}}