{"id":146344,"date":"2022-04-26T08:28:09","date_gmt":"2022-04-26T12:28:09","guid":{"rendered":"https:\/\/linitiative.ca\/International\/saison-dete-royal-air-maroc-annonce-la-couleur\/"},"modified":"2022-04-26T08:28:09","modified_gmt":"2022-04-26T12:28:09","slug":"saison-dete-royal-air-maroc-annonce-la-couleur","status":"publish","type":"post","link":"https:\/\/linitiative.ca\/International\/saison-dete-royal-air-maroc-annonce-la-couleur\/","title":{"rendered":"Saison d\u2019\u00e9t\u00e9 : Royal Air Maroc annonce la couleur"},"content":{"rendered":"<div>\n<p><img decoding=\"async\" width=\"300\" height=\"153\" src=\"https:\/\/linitiative.ca\/International\/wp-content\/uploads\/sites\/23\/2022\/04\/Royal-Air-Maroc-300x153-1.png\" class=\"attachment-medium size-medium wp-post-image\" alt=\"\" loading=\"lazy\" srcset=\"https:\/\/linitiative.ca\/International\/wp-content\/uploads\/sites\/23\/2022\/04\/Royal-Air-Maroc-300x153-1.png 300w, https:\/\/aujourdhui.ma\/wp-content\/uploads\/2022\/04\/Royal-Air-Maroc-274x140.png 274w, https:\/\/aujourdhui.ma\/wp-content\/uploads\/2022\/04\/Royal-Air-Maroc.png 746w, https:\/\/aujourdhui.ma\/wp-content\/uploads\/2022\/04\/Royal-Air-Maroc-165x84.png 165w, https:\/\/aujourdhui.ma\/wp-content\/uploads\/2022\/04\/Royal-Air-Maroc-702x358.png 702w\" sizes=\"auto, (max-width: 300px) 100vw, 300px\"><\/p>\n<p><span style=\"color: #800000;\"><strong>6 millions de si\u00e8ges programm\u00e9s dont 2,2 millions en Europe\u00a0<\/strong><\/span><\/p>\n<p><span id=\"more-406260\"><\/span><\/p>\n<p>\u00a0<\/p>\n<p>Royal Air Maroc d\u00e9voile son dispositif pour la saison d\u2019\u00e9t\u00e9 2022. La compagnie d\u00e9cline une offre de 6 millions de si\u00e8ges r\u00e9partis sur 80 destinations \u00e0 travers les quatre continents. L\u2019ambition \u00e9tant de recouvrir pr\u00e8s de 90\u00a0% de son r\u00e9seau de 2019. Pour ce faire, il sera proc\u00e9d\u00e9 au r\u00e9tablissement d\u2019une grande partie de routes a\u00e9riennes ferm\u00e9es depuis la crise sanitaire ainsi qu\u2019\u00e0 l\u2019ouverture de nouvelles lignes \u00e0 l\u2019instar de celle de Tel-Aviv et Duba\u00ef. \u00abEn tant qu\u2019acteur leader du tourisme national, Royal Air Maroc a toujours accompagn\u00e9 le secteur, et encore plus en temps de crise, en \u00e9tant quasiment le seul op\u00e9rateur \u00e0 avoir maintenu ses vols vers notre pays, malgr\u00e9 les grandes difficult\u00e9s op\u00e9rationnelles et financi\u00e8res. Il \u00e9tait donc primordial que nous nous mobilisions, de nouveau, pour relancer les lignes point \u00e0 point, et en mettant en place les moyens humains et mat\u00e9riels n\u00e9cessaires \u00e0 cette reprise\u00bb, indique Hamid Addou, pr\u00e9sident-directeur g\u00e9n\u00e9ral de Royal Air Maroc. Et de poursuivre : \u00abEn tant que membre de l\u2019Alliance oneworld, nous avons mis \u00e0 contribution son r\u00e9seau extr\u00eamement dense, de plus de 1.000 destinations, au profit du secteur touristique via le renforcement de la connectivit\u00e9 entre les principaux march\u00e9s \u00e9metteurs et les destinations marocaines, et de ce fait, acc\u00e9l\u00e9rer la reprise.<\/p>\n<p>Nous avons d\u00e8s lors ouvert de nouvelles routes touristiques tout en augmentant les fr\u00e9quences sur les liaisons les plus importantes\u00a0\u00bb. Afin de lancer ce programme dans les meilleures conditions, Royal Air Maroc, qui consacre 80% de ces si\u00e8ges \u00e0 des destinations touristiques, proc\u00e9dera \u00e0 l\u2019affr\u00e8tement, aupr\u00e8s de compagnies de renomm\u00e9e internationale, d\u2019appareils performants. Le recours \u00e0 ces avions est effectu\u00e9 selon les crit\u00e8res et les normes de s\u00e9curit\u00e9 et de confort impos\u00e9s par les autorit\u00e9s comp\u00e9tentes et par Royal Air Maroc. D\u00e9cryptage de l\u2019offre par continent<\/p>\n<p>\u00a0<\/p>\n<p><strong>Un double vol quotidien\u00a0pour six liaisons europ\u00e9ennes\u00a0<\/strong><\/p>\n<p>\u00a0<\/p>\n<p>Sur le continent europ\u00e9en, Royal Air Maroc proposera cet \u00e9t\u00e9 plus de 2,2 millions de si\u00e8ges. \u00abQuelque 437 fr\u00e9quences par semaine relieront 9 a\u00e9roports marocains \u00e0 32 a\u00e9roports du Vieux Continent\u00bb, rel\u00e8ve-t-on de la compagnie. En France, 890.000 si\u00e8ges seront propos\u00e9s et 400 vols, soit 200 fr\u00e9quences, seront op\u00e9r\u00e9s par semaine sur 28 routes a\u00e9riennes reliant 9 a\u00e9roports de l\u2019Hexagone \u00e0 8 villes du Royaume. \u00abLes lignes reliant 8 a\u00e9roports marocains \u00e0 Paris (CDG et Orly) offriront, \u00e0 elles seules, 121 fr\u00e9quences par semaine\u00bb, explique la RAM. Sur le reste de l\u2019Europe, 43 routes a\u00e9riennes relieront 22 a\u00e9roports du continent \u00e0 8 villes marocaines pour une capacit\u00e9 de plus de 1,3 million de si\u00e8ges. A cet \u00e9gard, 237 fr\u00e9quences par semaine seront propos\u00e9es. Royal Air Maroc proc\u00e9dera au renforcement des routes a\u00e9riennes o\u00f9 r\u00e9sident de grandes communaut\u00e9s de Marocains du Monde et qui connaissent une forte demande en \u00e9t\u00e9. Ainsi, les lignes reliant Casablanca \u00e0 Barcelone, Bologne, Malaga, Madrid, Bruxelles, et Milan passeront \u00e0 un double vol quotidien.<\/p>\n<p>\u00a0<\/p>\n<p><strong>110 fr\u00e9quences hebdomadaires propos\u00e9es en Afrique<\/strong><\/p>\n<p>\u00a0<\/p>\n<p>Royal Air Maroc renforcera, par ailleurs, son r\u00e9seau en Afrique. Il passera ainsi \u00e0 25 routes a\u00e9riennes et une offre de 900.000 si\u00e8ges. Au total, quelque 110 fr\u00e9quences par semaine seront propos\u00e9es durant cette p\u00e9riode estivale permettant ainsi \u00e0 la compagnie de recouvrir progressivement le r\u00e9seau dont elle disposait sur le continent avant la crise de Covid-19.<\/p>\n<p>\u00a0<\/p>\n<p><strong>500.000 si\u00e8ges\u00a0pour l\u2019Am\u00e9rique du Nord\u00a0<\/strong><\/p>\n<p>\u00a0<\/p>\n<p>Au niveau de l\u2019Am\u00e9rique du Nord, l\u2019offre Royal Air Maroc porte sur pr\u00e8s de 500.000 si\u00e8ges, soit 6\u00a0% de plus que l\u2019offre propos\u00e9e en \u00e9t\u00e9 2019. A cet effet, la compagnie mettra en place 35 fr\u00e9quences hebdomadaires sur les quatre routes a\u00e9riennes reliant Casablanca \u00e0 New York, Washington, Montr\u00e9al et Miami. Notons que la compagnie a repris ses vols sur cette derni\u00e8re escale depuis le 10 avril.<\/p>\n<p>\u00a0<\/p>\n<p><strong>Lancement imminent de la\u00a0nouvelle route Casablanca-Duba\u00ef\u00a0<\/strong><\/p>\n<p>\u00a0<\/p>\n<p>Pour le Moyen-Orient, Royal Air Maroc augmentera de 25\u00a0% son offre par rapport \u00e0 celle de l\u2019\u00e9t\u00e9 2019. Ainsi, 200.000 si\u00e8ges seront propos\u00e9s et 17 fr\u00e9quences seront programm\u00e9es. Elles concernent en effet six routes a\u00e9riennes op\u00e9r\u00e9es par la compagnie reli\u00e9es \u00e0 Casablanca. Royal Air Maroc \u00e9toffera son r\u00e9seau avec l\u2019ouverture imminente d\u2019une nouvelle route reliant Casablanca \u00e0 Duba\u00ef. Elle viendra se greffer \u00e0 celles de Djeddah, Riyad, M\u00e9dine, Le Caire et Tel-Aviv lanc\u00e9e en mars dernier.<\/p>\n<p>\u00a0<\/p>\n<\/div>\n<p>Auteur: Kawtar Tali<br \/>\n<a href=\"https:\/\/aujourdhui.ma\/actualite\/saison-dete-royal-air-maroc-annonce-la-couleur\">Cliquez ici pour lire l&rsquo;article depuis sa source.<\/a><\/p>\n","protected":false},"excerpt":{"rendered":"<p>6 millions de si\u00e8ges programm\u00e9s dont 2,2 millions en Europe\u00a0 \u00a0 Royal Air Maroc d\u00e9voile son dispositif pour la saison d\u2019\u00e9t\u00e9 2022. La compagnie d\u00e9cline une offre de 6 millions de si\u00e8ges r\u00e9partis sur 80 destinations \u00e0 travers les quatre continents. L\u2019ambition \u00e9tant de recouvrir pr\u00e8s de 90\u00a0% de son r\u00e9seau de 2019. Pour ce [&hellip;]<\/p>\n","protected":false},"author":1759,"featured_media":0,"comment_status":"closed","ping_status":"closed","sticky":false,"template":"","format":"standard","meta":{"fifu_image_url":"https:\/\/aujourdhui.ma\/wp-content\/uploads\/2022\/04\/Royal-Air-Maroc-300x153.png","fifu_image_alt":"Saison d\u2019\u00e9t\u00e9 : Royal Air Maroc annonce la couleur","footnotes":""},"categories":[73,54],"tags":[],"class_list":["post-146344","post","type-post","status-publish","format-standard","hentry","category-actualite","category-maroc"],"_links":{"self":[{"href":"https:\/\/linitiative.ca\/International\/wp-json\/wp\/v2\/posts\/146344","targetHints":{"allow":["GET"]}}],"collection":[{"href":"https:\/\/linitiative.ca\/International\/wp-json\/wp\/v2\/posts"}],"about":[{"href":"https:\/\/linitiative.ca\/International\/wp-json\/wp\/v2\/types\/post"}],"author":[{"embeddable":true,"href":"https:\/\/linitiative.ca\/International\/wp-json\/wp\/v2\/users\/1759"}],"replies":[{"embeddable":true,"href":"https:\/\/linitiative.ca\/International\/wp-json\/wp\/v2\/comments?post=146344"}],"version-history":[{"count":0,"href":"https:\/\/linitiative.ca\/International\/wp-json\/wp\/v2\/posts\/146344\/revisions"}],"wp:attachment":[{"href":"https:\/\/linitiative.ca\/International\/wp-json\/wp\/v2\/media?parent=146344"}],"wp:term":[{"taxonomy":"category","embeddable":true,"href":"https:\/\/linitiative.ca\/International\/wp-json\/wp\/v2\/categories?post=146344"},{"taxonomy":"post_tag","embeddable":true,"href":"https:\/\/linitiative.ca\/International\/wp-json\/wp\/v2\/tags?post=146344"}],"curies":[{"name":"wp","href":"https:\/\/api.w.org\/{rel}","templated":true}]}}