{"id":146346,"date":"2022-04-26T09:40:14","date_gmt":"2022-04-26T13:40:14","guid":{"rendered":"https:\/\/linitiative.ca\/International\/chikha-vs-cheikh-un-faux-debat-sans-bases-multidirectionnelles\/"},"modified":"2022-04-26T09:40:14","modified_gmt":"2022-04-26T13:40:14","slug":"chikha-vs-cheikh-un-faux-debat-sans-bases-multidirectionnelles","status":"publish","type":"post","link":"https:\/\/linitiative.ca\/International\/chikha-vs-cheikh-un-faux-debat-sans-bases-multidirectionnelles\/","title":{"rendered":"Chikha vs Cheikh, un \u00abfaux d\u00e9bat\u00bb sans \u00abbases multidirectionnelles\u00bb"},"content":{"rendered":"<div>\n<p><img decoding=\"async\" width=\"300\" height=\"153\" src=\"https:\/\/linitiative.ca\/International\/wp-content\/uploads\/sites\/23\/2022\/04\/Maktoub-Chikha-vs-Cheikh-300x153-1.png\" class=\"attachment-medium size-medium wp-post-image\" alt=\"\" loading=\"lazy\" srcset=\"https:\/\/linitiative.ca\/International\/wp-content\/uploads\/sites\/23\/2022\/04\/Maktoub-Chikha-vs-Cheikh-300x153-1.png 300w, https:\/\/aujourdhui.ma\/wp-content\/uploads\/2022\/04\/Maktoub-Chikha-vs-Cheikh-274x140.png 274w, https:\/\/aujourdhui.ma\/wp-content\/uploads\/2022\/04\/Maktoub-Chikha-vs-Cheikh.png 746w, https:\/\/aujourdhui.ma\/wp-content\/uploads\/2022\/04\/Maktoub-Chikha-vs-Cheikh-165x84.png 165w, https:\/\/aujourdhui.ma\/wp-content\/uploads\/2022\/04\/Maktoub-Chikha-vs-Cheikh-702x358.png 702w\" sizes=\"auto, (max-width: 300px) 100vw, 300px\"><\/p>\n<p><span style=\"color: #800000;\"><strong>Un chercheur livre son regard sur la pol\u00e9mique autour de \u00abLmaktoub\u00bb<\/strong><\/span><span id=\"more-406225\"><\/span><\/p>\n<p>La pol\u00e9mique suscit\u00e9e par le personnage de \u00abChikha\u00bb, interpr\u00e9t\u00e9 par l\u2019actrice Dounia Boutazout dans la s\u00e9rie ramadanesque \u00abLmaktoub\u00bb diffus\u00e9e sur 2M et Cheikh Yassine El Amri attire \u00e9galement l\u2019attention des chercheurs. Entre autres, Aboulkacem Chebri estime que cette controverse est un \u00abfaux d\u00e9bat\u00bb. Celui-ci \u00e9tant, pour lui, \u00abdrap\u00e9 de peu, pour ne pas dire de trop d\u2019ignorance\u00bb.<br \/>\nPire encore ! \u00abL\u2019extr\u00e9misme et l\u2019obscurantisme gagnent les deux clans, malheureusement\u00bb, avance-t-il en allusion aux alli\u00e9s et aux opposants \u00e0 l\u2019\u0153uvre. Mieux encore, cet analyste, \u00e9galement auteur, trouve qu\u2019aucun des deux clans \u00abne prend la question sur des bases objectives, multidirectionnelles, avec une approche litt\u00e9raire, historique, sociologique et politique\u00bb.<\/p>\n<p>A son sens, le cheikh comme la chikha ont \u00ableurs qualit\u00e9s et vices ; ils ont tous les deux un r\u00f4le dans la soci\u00e9t\u00e9\u00bb. Au Maroc, les deux font, tel qu\u2019il l\u2019explicite, partie int\u00e9grante de notre identit\u00e9, culture et patrimoine, ainsi que notre avenir. \u00abJe trouve qu\u2019il nous est impossible de vivre sans cheikh et chikha. L\u2019art et la religion ne sont absolument incompatibles que dans les esprits des extr\u00e9mistes qu\u2019ils soient religieux ou modernistes\u00bb, avance M. Chebri.<br \/>\nA propos du r\u00f4le de l\u2019intellectuel dans de tels d\u00e9bats, le chercheur indique qu\u2019il consiste, pour le premier, de faire \u00abun recul de mani\u00e8re \u00e0 rendre les deux parties au service de la soci\u00e9t\u00e9 tout en r\u00e9v\u00e9lant les points de force et de faiblesse chez les deux\u00bb. Dans ce sens, cette soci\u00e9t\u00e9, \u00e0 travers l\u2019histoire, a, pour l\u2019\u00e9crivain, \u00abbesoin de satisfactions spirituelle et culturelle\u00bb. \u00abLes s\u00e9curit\u00e9s spirituelle et culturelle sont au c\u0153ur de la paix sociale\u00bb, encha\u00eene le chercheur. Par l\u2019occasion, il estime, en outre, que cette situation n\u2019est pas l\u2019apanage du Maroc et des pays islamiques mais aussi des soci\u00e9t\u00e9s la\u00efques. \u00abChaque soci\u00e9t\u00e9 a sa spiritualit\u00e9 et sa \u00abnutrition\u00bb culturelle\u00bb, ajoute-t-il en appelant \u00e0 valoriser toute \u0153uvre ou tout ph\u00e9nom\u00e8ne contribuant \u00e0 l\u2019\u00e9quilibre sociologique de l\u2019individu et de la communaut\u00e9.<\/p>\n<p>De m\u00eame, il ne manque pas de livrer son regard sur les avis des cheikhs \u00e0 l\u2019\u00e9gard de l\u2019art tout en s\u2019inspirant de ses publications. Dans son livre \u00abLa religion en politique et soci\u00e9t\u00e9, entre dogmatisme des pr\u00e9curseurs et d\u00e9tournements par les suiveurs\u00bb, cet auteur r\u00e9serve une rubrique \u00e0 \u00abl\u2019ath\u00e9isme des artistes pour dissuader la cr\u00e9ativit\u00e9 et l\u2019\u00e9volution\u00bb. Il y indique que certains \u00abfqihs sont subitement devenus passionn\u00e9s pour l\u2019art et la cr\u00e9ativit\u00e9, avant m\u00eame que le public prenne connaissance d\u2019une \u0153uvre, afin de finir par qualifier tel ou tel artiste d\u2019ath\u00e9e\u00bb.<\/p>\n<p>Pour l\u2019\u00e9crivain, ces attaques par les fqihs \u00e0 l\u2019\u00e9gard d\u2019artistes se veulent de \u00abfaire peur au peuple\u00bb. \u00abLes hommes de religion extr\u00e9mistes prennent les cr\u00e9ateurs pour un vrai ennemi. C\u2019est pour cela qu\u2019ils tentent de les priver de leur symbolique sociale pour ne pas \u00eatre un exemple pour la soci\u00e9t\u00e9, notamment les jeunes\u00bb, d\u00e9taille l\u2019analyste qui s\u2019exprime \u00e9galement sur le mutisme \u00e0 l\u2019\u00e9gard des vices des fqihs qui profitent du peuple au nom de la religion.<\/p>\n<\/div>\n<p>Auteur: Salima Guisser<br \/>\n<a href=\"https:\/\/aujourdhui.ma\/culture\/chikha-vs-cheikh-un-faux-debat-sans-bases-multidirectionnelles\">Cliquez ici pour lire l&rsquo;article depuis sa source.<\/a><\/p>\n","protected":false},"excerpt":{"rendered":"<p>Un chercheur livre son regard sur la pol\u00e9mique autour de \u00abLmaktoub\u00bb La pol\u00e9mique suscit\u00e9e par le personnage de \u00abChikha\u00bb, interpr\u00e9t\u00e9 par l\u2019actrice Dounia Boutazout dans la s\u00e9rie ramadanesque \u00abLmaktoub\u00bb diffus\u00e9e sur 2M et Cheikh Yassine El Amri attire \u00e9galement l\u2019attention des chercheurs. Entre autres, Aboulkacem Chebri estime que cette controverse est un \u00abfaux d\u00e9bat\u00bb. Celui-ci [&hellip;]<\/p>\n","protected":false},"author":1759,"featured_media":0,"comment_status":"closed","ping_status":"closed","sticky":false,"template":"","format":"standard","meta":{"fifu_image_url":"https:\/\/aujourdhui.ma\/wp-content\/uploads\/2022\/04\/Maktoub-Chikha-vs-Cheikh-300x153.png","fifu_image_alt":"Chikha vs Cheikh, un \u00abfaux d\u00e9bat\u00bb sans \u00abbases multidirectionnelles\u00bb","footnotes":""},"categories":[73,54],"tags":[],"class_list":["post-146346","post","type-post","status-publish","format-standard","hentry","category-actualite","category-maroc"],"_links":{"self":[{"href":"https:\/\/linitiative.ca\/International\/wp-json\/wp\/v2\/posts\/146346","targetHints":{"allow":["GET"]}}],"collection":[{"href":"https:\/\/linitiative.ca\/International\/wp-json\/wp\/v2\/posts"}],"about":[{"href":"https:\/\/linitiative.ca\/International\/wp-json\/wp\/v2\/types\/post"}],"author":[{"embeddable":true,"href":"https:\/\/linitiative.ca\/International\/wp-json\/wp\/v2\/users\/1759"}],"replies":[{"embeddable":true,"href":"https:\/\/linitiative.ca\/International\/wp-json\/wp\/v2\/comments?post=146346"}],"version-history":[{"count":0,"href":"https:\/\/linitiative.ca\/International\/wp-json\/wp\/v2\/posts\/146346\/revisions"}],"wp:attachment":[{"href":"https:\/\/linitiative.ca\/International\/wp-json\/wp\/v2\/media?parent=146346"}],"wp:term":[{"taxonomy":"category","embeddable":true,"href":"https:\/\/linitiative.ca\/International\/wp-json\/wp\/v2\/categories?post=146346"},{"taxonomy":"post_tag","embeddable":true,"href":"https:\/\/linitiative.ca\/International\/wp-json\/wp\/v2\/tags?post=146346"}],"curies":[{"name":"wp","href":"https:\/\/api.w.org\/{rel}","templated":true}]}}