{"id":146348,"date":"2022-04-26T10:00:32","date_gmt":"2022-04-26T14:00:32","guid":{"rendered":"https:\/\/linitiative.ca\/International\/integration-des-questions-migratoires-dans-la-planification-des-conseils-provinciaux-souss-massa-montre-la-voie\/"},"modified":"2022-04-26T10:00:32","modified_gmt":"2022-04-26T14:00:32","slug":"integration-des-questions-migratoires-dans-la-planification-des-conseils-provinciaux-souss-massa-montre-la-voie","status":"publish","type":"post","link":"https:\/\/linitiative.ca\/International\/integration-des-questions-migratoires-dans-la-planification-des-conseils-provinciaux-souss-massa-montre-la-voie\/","title":{"rendered":"Int\u00e9gration des questions migratoires dans la planification des Conseils provinciaux : Souss-Massa montre la voie"},"content":{"rendered":"<div>\n<p><img decoding=\"async\" width=\"300\" height=\"153\" src=\"https:\/\/linitiative.ca\/International\/wp-content\/uploads\/sites\/23\/2022\/04\/Agadir-2-300x153-1.jpg\" class=\"attachment-medium size-medium wp-post-image\" alt=\"\" loading=\"lazy\" srcset=\"https:\/\/linitiative.ca\/International\/wp-content\/uploads\/sites\/23\/2022\/04\/Agadir-2-300x153-1.jpg 300w, https:\/\/aujourdhui.ma\/wp-content\/uploads\/2022\/04\/Agadir-2-274x140.jpg 274w, https:\/\/aujourdhui.ma\/wp-content\/uploads\/2022\/04\/Agadir-2.jpg 746w, https:\/\/aujourdhui.ma\/wp-content\/uploads\/2022\/04\/Agadir-2-165x84.jpg 165w, https:\/\/aujourdhui.ma\/wp-content\/uploads\/2022\/04\/Agadir-2-702x358.jpg 702w\" sizes=\"auto, (max-width: 300px) 100vw, 300px\"><\/p>\n<p><span style=\"font-size: 20px; color: #800000;\"><strong>Avec 5 millions de Marocains r\u00e9sidant \u00e0 l\u2019\u00e9tranger, un grand nombre de migrants soit de passage ou visant la r\u00e9sidence et un bon nombre de r\u00e9fugi\u00e9s, le Maroc s\u2019est retrouv\u00e9 face \u00e0 une nouvelle r\u00e9alit\u00e9, celle de terre d\u2019\u00e9migration et d\u2019immigration en m\u00eame temps.<\/strong> <\/span><\/p>\n<p>L\u2019accompagnement des collectivit\u00e9s locales dans l\u2019int\u00e9gration des questions migratoires dans leur planification est le nouveau projet lanc\u00e9 dans le Souss-Massa au profit de trois Conseils provinciaux dans le cadre d\u2019un programme financ\u00e9 par l\u2019UE.<\/p>\n<p>Le Maroc est devenu ces derni\u00e8res ann\u00e9es l\u2019un des pays les plus touch\u00e9s par les questions de la migration. Avec 5 millions de Marocains r\u00e9sidant \u00e0 l\u2019\u00e9tranger, un grand nombre de migrants soit de passage ou visant la r\u00e9sidence et un bon nombre de r\u00e9fugi\u00e9s, le Maroc s\u2019est retrouv\u00e9 face \u00e0 une nouvelle r\u00e9alit\u00e9, celle de terre d\u2019\u00e9migration et d\u2019immigration en m\u00eame temps. Pour faire face \u00e0 cette situation, le Maroc a proc\u00e9d\u00e9 depuis 2003 \u00e0 la mise en place des instruments adapt\u00e9s.<br \/>\nA cet effet, le Maroc a mis en place deux Strat\u00e9gies nationales : la premi\u00e8re destin\u00e9e \u00e0 l\u2019immigration et l\u2019asile (SNIA) au Maroc, bas\u00e9e sur une approche humaniste et sur le respect des droits fondamentaux en s\u2019alignant avec les engagements internationaux du pays, alors que la deuxi\u00e8me, la Strat\u00e9gie nationale des Marocaines r\u00e9sidant \u00e0 l\u2019\u00e9tranger (SNMRE), est un instrument adopt\u00e9 par l\u2019Etat marocain pour renforcer et dynamiser les liens entre les MRE et le Maroc, prot\u00e9ger leurs droits et int\u00e9r\u00eats ainsi que pour les aider \u00e0 contribuer au d\u00e9veloppement du Maroc.<br \/>\nCette politique se veut de mieux g\u00e9rer cette migration complexe et \u00e0 plusieurs caract\u00e8res et facettes en impliquant les diverses institutions sectorielles de l\u2019Etat, les collectivit\u00e9s territoriales et les acteurs de la soci\u00e9t\u00e9 civile, notamment au niveau des territoires.<\/p>\n<p>C\u2019est dans ce cadre que s\u2019inscrit le projet \u00abMigrations, Territoires et D\u00e9veloppement 2\u00bb, que m\u00e8ne Migrations &amp; D\u00e9veloppement (M&amp;D) pour renforcer le processus de la gouvernance locale permettant la prise en compte de la migration et la contribution \u00e0 la mise en \u0153uvre et la d\u00e9clinaison des politiques migratoires dans la r\u00e9gion de Souss-Massa. Ceci s\u2019inscrit dans le cadre du programme \u00abD\u00e9ploiement des politiques migratoires dans la r\u00e9gion de Souss-Massa (DEPOMI) port\u00e9 par Enabel et financ\u00e9 par l\u2019UE.<br \/>\nPour appuyer le dispositif r\u00e9gional de gouvernance des migrations, M&amp;D accompagne trois Conseils provinciaux de Tiznit, Chtouka Ait Baha et d\u2019Inezgane Ait Melloul pour int\u00e9grer la dimension de la migration dans leurs plans de d\u00e9veloppement provincial et le renforcement des comp\u00e9tences des acteurs en mati\u00e8re de migration et d\u00e9veloppement.<br \/>\nDans le cadre de ses activit\u00e9s permettant l\u2019appui des collectivit\u00e9s, notamment des trois provinces cibles pour int\u00e9grer la dimension migratoire dans leur planification territoriale \u00e0 travers la mise en \u0153uvre de formations et d\u2019un accompagnement de proximit\u00e9, cet accompagnement des collectivit\u00e9s territoriales dans l\u2019institutionnalisation de la dimension migratoire sera traduit par des feuilles de route qui d\u00e9clineront les objectifs strat\u00e9giques ainsi que le plan d\u2019action.<\/p>\n<p>\u00a0<\/p>\n<\/div>\n<p>Auteur: Mohamed Laabid<br \/>\n<a href=\"https:\/\/aujourdhui.ma\/economie\/integration-des-questions-migratoires-dans-la-planification-des-conseils-provinciaux-souss-massa-montre-la-voie\">Cliquez ici pour lire l&rsquo;article depuis sa source.<\/a><\/p>\n","protected":false},"excerpt":{"rendered":"<p>Avec 5 millions de Marocains r\u00e9sidant \u00e0 l\u2019\u00e9tranger, un grand nombre de migrants soit de passage ou visant la r\u00e9sidence et un bon nombre de r\u00e9fugi\u00e9s, le Maroc s\u2019est retrouv\u00e9 face \u00e0 une nouvelle r\u00e9alit\u00e9, celle de terre d\u2019\u00e9migration et d\u2019immigration en m\u00eame temps. L\u2019accompagnement des collectivit\u00e9s locales dans l\u2019int\u00e9gration des questions migratoires dans leur [&hellip;]<\/p>\n","protected":false},"author":1759,"featured_media":0,"comment_status":"closed","ping_status":"closed","sticky":false,"template":"","format":"standard","meta":{"fifu_image_url":"https:\/\/aujourdhui.ma\/wp-content\/uploads\/2022\/04\/Agadir-2-300x153.jpg","fifu_image_alt":"Int\u00e9gration des questions migratoires dans la planification des Conseils provinciaux : Souss-Massa montre la voie","footnotes":""},"categories":[73,54],"tags":[],"class_list":["post-146348","post","type-post","status-publish","format-standard","hentry","category-actualite","category-maroc"],"_links":{"self":[{"href":"https:\/\/linitiative.ca\/International\/wp-json\/wp\/v2\/posts\/146348","targetHints":{"allow":["GET"]}}],"collection":[{"href":"https:\/\/linitiative.ca\/International\/wp-json\/wp\/v2\/posts"}],"about":[{"href":"https:\/\/linitiative.ca\/International\/wp-json\/wp\/v2\/types\/post"}],"author":[{"embeddable":true,"href":"https:\/\/linitiative.ca\/International\/wp-json\/wp\/v2\/users\/1759"}],"replies":[{"embeddable":true,"href":"https:\/\/linitiative.ca\/International\/wp-json\/wp\/v2\/comments?post=146348"}],"version-history":[{"count":0,"href":"https:\/\/linitiative.ca\/International\/wp-json\/wp\/v2\/posts\/146348\/revisions"}],"wp:attachment":[{"href":"https:\/\/linitiative.ca\/International\/wp-json\/wp\/v2\/media?parent=146348"}],"wp:term":[{"taxonomy":"category","embeddable":true,"href":"https:\/\/linitiative.ca\/International\/wp-json\/wp\/v2\/categories?post=146348"},{"taxonomy":"post_tag","embeddable":true,"href":"https:\/\/linitiative.ca\/International\/wp-json\/wp\/v2\/tags?post=146348"}],"curies":[{"name":"wp","href":"https:\/\/api.w.org\/{rel}","templated":true}]}}