{"id":146359,"date":"2022-04-26T11:45:54","date_gmt":"2022-04-26T15:45:54","guid":{"rendered":"https:\/\/linitiative.ca\/International\/la-zaouia-amgharia-a-tameslouht-un-role-majeur-au-service-du-soufisme\/"},"modified":"2022-04-26T11:45:54","modified_gmt":"2022-04-26T15:45:54","slug":"la-zaouia-amgharia-a-tameslouht-un-role-majeur-au-service-du-soufisme","status":"publish","type":"post","link":"https:\/\/linitiative.ca\/International\/la-zaouia-amgharia-a-tameslouht-un-role-majeur-au-service-du-soufisme\/","title":{"rendered":"La Zaou\u00efa Amgharia \u00e0 Tameslouht, un r\u00f4le majeur au service du soufisme"},"content":{"rendered":"<div>\n<div style=\"margin-bottom:20px;\"><img loading=\"lazy\" decoding=\"async\" width=\"750\" height=\"430\" src=\"https:\/\/linitiative.ca\/International\/wp-content\/uploads\/sites\/23\/2022\/04\/zaouia-copier.jpg\" class=\"attachment-post-thumbnail size-post-thumbnail wp-post-image\" alt=\"\" srcset=\"https:\/\/linitiative.ca\/International\/wp-content\/uploads\/sites\/23\/2022\/04\/zaouia-copier.jpg 750w, https:\/\/www.mapmarrakech.ma\/map\/uploads\/2022\/04\/zaouia-copier-300x172.jpg 300w\" sizes=\"auto, (max-width: 750px) 100vw, 750px\"><\/div>\n<p>Fond\u00e9e au 11\u00e8 si\u00e8cle par le Saint et \u00e9rudit Moulay Abdellah Amghar, mort et inhum\u00e9 au Ribat Tit, actuelle commune rurale Moulay Abdellah Amghar dans la province d\u2019El Jadida, cette confr\u00e9rie religieuse a largement contribu\u00e9 \u00e0 la promotion du soufisme marocain, \u00e0 travers la formation en sciences t\u00e9l\u00e9ologiques de disciples soufis, qui se diss\u00e9min\u00e8rent \u00e0 travers le Maroc en cr\u00e9ant leur propre \u00ab\u00a0Tariq\u00e2\u00a0\u00bb (voie soufie).<\/p>\n<p>D\u00e8s sa fondation, cette Zaouia s\u2019\u00e9tait \u00e9rig\u00e9e en un espace de r\u00e9f\u00e9rence pour les \u00e9rudits et les savants venus nombreux perfectionner et approfondir leurs connaissances et Savoir th\u00e9ologiques ce qui avait permis, par la suite, d\u2019\u00e9tendre son rayonnement et son influence au-del\u00e0 de la zone de Tameslouht pour arriver \u00e0 Marrakech, aux montagnes du Haut Atlas avant d\u2019atteindre plusieurs r\u00e9gions du Royaume et d\u00e9passer m\u00eame les fronti\u00e8res nationales.<\/p>\n<p>Durant sa longue histoire si reluisante, cette Zaouia repr\u00e9sentait un haut lieu de \u00ab\u00a0ressourcement\u00a0\u00bb et de \u00ab\u00a0m\u00e9diation\u00a0\u00bb o\u00f9, les tribus se rendaient pour r\u00e9soudre leurs conflits et diff\u00e9rends. D\u2019ailleurs, c\u2019est dans cette logique que le village a pris le nom de Tameslouht (r\u00e9conciliation) en r\u00e9f\u00e9rence \u00e0 l\u2019un des r\u00f4les majeurs jou\u00e9s par cette confr\u00e9rie.<\/p>\n<p>Le village de Tameslouht, qui \u00e9tait, \u00e0 un certain temps, une zone d\u00e9serte et inhabit\u00e9e, va se construire autour de cette Zaouia et se transformer par la suite, en une oasis verdoyante et peupl\u00e9e.<\/p>\n<p>Dans une d\u00e9claration \u00e0 M24, la cha\u00eene t\u00e9l\u00e9vis\u00e9e de l\u2019information en continu de la MAP, le Cheikh de la Zaouia Amgharia de Tameslouht, M. Essaidi Moulay Zaghloul, a indiqu\u00e9 que \u00ab\u00a0cette confr\u00e9rie religieuse est consid\u00e9r\u00e9e comme la premi\u00e8re \u00ab\u00a0Dar Salah\u00a0\u00bb au Maroc et le premier mouvement soufi dans le monde islamique\u00a0\u00bb.<\/p>\n<p>Et de poursuivre que du vivant de son fondateur, cette Zaouia attirait les disciples venus des quatre coins du Royaume et du monde islamique, et \u00e9tait le lieu de rassemblement de grands soufis, asc\u00e8tes et \u00e9rudits, qui vont ult\u00e9rieurement porter le flambeau des sciences th\u00e9ologiques.<\/p>\n<p>Moulay Zaghloul a, dans ce sens, cit\u00e9 l\u2019exemple de Moulay Ahmed Ali Ben Raissoun, qui a pass\u00e9 11 ans \u00e0 Tameslouht, avant de revenir \u00e0 Tazrut (Jabal Al Alam) pour fonder la Zaouia Raissounia sur recommandation du Saint v\u00e9n\u00e9r\u00e9 Moulay Abdellah Amghar, soulignant que ce Saint du Rif avait jou\u00e9 un r\u00f4le important dans le cadre du jihad contre l\u2019invasion portugaise, en mobilisant les tribus et combattants pour la bataille des Trois Rois (Oued El Makhazen).<\/p>\n<p>Dans ce contexte, Moulay Zaghloul, a fait remarquer que les zaou\u00efas avaient jou\u00e9 un r\u00f4le de taille sur les plans politique, social et religieux dans l\u2019histoire du Maroc, et c\u2019est la raison pour laquelle, le protectorat fran\u00e7ais avait combattu les confr\u00e9ries religieuses et tent\u00e9 de ternir leur image afin de faciliter la mainmise sur le Royaume et l\u2019exploitation de ses richesses, faisant savoir que ce r\u00f4le de sensibilisation et d\u2019encadrement religieux et de diffusion des pr\u00e9ceptes de l\u2019Islam tol\u00e9rant et du juste milieu a \u00e9t\u00e9 r\u00e9habilit\u00e9, apr\u00e8s l\u2019ind\u00e9pendance gr\u00e2ce aux Sultans et Rois du Maroc.<\/p>\n<p>Dans ce sens, le Cheikh de la Zaou\u00efa Amgharia a tenu \u00e0 rappeler que le soufisme, tel que bas\u00e9 sur la paix, l\u2019amour et la Sunna du proph\u00e8te, demeure le plus proche de la philosophie et de l\u2019esprit de l\u2019Islam, mettant en avant la pertinence et la singularit\u00e9 de l\u2019Institution d\u2019Imarat Al Mouminine qui constitue depuis des si\u00e8cles, le socle et un facteur de stabilit\u00e9 pour le Maroc.<\/p>\n<p>M\u00eame au 21\u00e8 si\u00e8cle, les Zaou\u00efas continuent de s\u2019acquitter de leurs missions nobles d\u2019encadrement et de conseils religieux et de promotion des valeurs de paix, de coh\u00e9sion sociale et de tol\u00e9rance et ce, gr\u00e2ce \u00e0 leur proximit\u00e9 des citoyens, s\u2019est-il f\u00e9licit\u00e9.<\/p>\n<p>Dans ce contexte, Moulay Zaghloul n\u2019a pas manqu\u00e9 de saluer et de rendre un vibrant hommage aux grandes actions et \u0153uvres men\u00e9es par les Sultans et Rois Alaouites en accordant une attention toute particuli\u00e8re \u00e0 la sauvegarde des Zaouias qui repr\u00e9sentent un v\u00e9ritable patrimoine vivant et un h\u00e9ritage ancestral de la civilisation marocaine mill\u00e9naire.<\/p>\n<p>Dans ce sillage il s\u2019est rappel\u00e9 avec fiert\u00e9 et sur fond de gratitude, la visite historique de Feu SM Mohammed V en 1951 \u00e0 cette Zaouia, faisant savoir que les tribus de Tameslouht \u00e9taient parmi les premi\u00e8res \u00e0 avoir pr\u00eat\u00e9 all\u00e9geance au Sultan Moulay Hassan 1er.<\/p>\n<p>Dans ce contexte, il a indiqu\u00e9 que la biblioth\u00e8que de la Zaouia conserve encore pr\u00e9cieusement tous les Dahirs et Lettres des Sultans et Rois Alaouites adress\u00e9s aux Chorfas de la Zaouia Amgharia.<\/p>\n<p>Cette Zaouia, qui se dresse en t\u00e9moin d\u2019une longue histoire s\u00e9culaire \u00e0 la fois \u00ab\u00a0passionnante\u00a0\u00bb et \u00ab\u00a0rayonnante\u00a0\u00bb du soufisme marocain, a la particularit\u00e9 d\u2019\u00e9merveiller tout visiteur, par la splendeur de son architecture et son authenticit\u00e9, telles qu\u2019inspir\u00e9es du pur patrimoine architectural et civilisationnel du Royaume.<\/p>\n<p>S\u2019\u00e9talant sur pr\u00e8s d\u2019un hectare, l\u2019\u00e9difice abritant cette\u00a0Zaouia continue aussi d\u2019h\u00e9berger les descendants du Saint Moulay Abdellah Amghar. Un v\u00e9ritable site cultuel avec une beaut\u00e9 extr\u00eame, et une d\u00e9coration traditionnelle et harmonieuse soigneusement choisie, sur la base d\u2019\u00e9l\u00e9ments anciens de l\u2019architecture islamique, de celle mauresque, d\u2019artisanat marocain et encore des arts de la civilisation arabo-islamique.<\/p>\n<p>The post <a rel=\"nofollow\" href=\"https:\/\/www.mapmarrakech.ma\/fr\/la-zaouia-amgharia-a-tameslouht-un-role-majeur-au-service-du-soufisme\/\">La Zaou\u00efa Amgharia \u00e0 Tameslouht, un r\u00f4le majeur au service du soufisme<\/a> appeared first on <a rel=\"nofollow\" href=\"https:\/\/www.mapmarrakech.ma\/fr\">MapMarrakech<\/a>.<\/p>\n<\/div>\n<p>Auteur: Meriem IGASS<br \/>\n<a href=\"https:\/\/www.mapmarrakech.ma\/fr\/la-zaouia-amgharia-a-tameslouht-un-role-majeur-au-service-du-soufisme\/\">Cliquez ici pour lire l&rsquo;article depuis sa source.<\/a><\/p>\n","protected":false},"excerpt":{"rendered":"<p>Fond\u00e9e au 11\u00e8 si\u00e8cle par le Saint et \u00e9rudit Moulay Abdellah Amghar, mort et inhum\u00e9 au Ribat Tit, actuelle commune rurale Moulay Abdellah Amghar dans la province d\u2019El Jadida, cette confr\u00e9rie religieuse a largement contribu\u00e9 \u00e0 la promotion du soufisme marocain, \u00e0 travers la formation en sciences t\u00e9l\u00e9ologiques de disciples soufis, qui se diss\u00e9min\u00e8rent \u00e0 [&hellip;]<\/p>\n","protected":false},"author":1788,"featured_media":0,"comment_status":"closed","ping_status":"closed","sticky":false,"template":"","format":"standard","meta":{"fifu_image_url":"https:\/\/www.mapmarrakech.ma\/map\/uploads\/2022\/04\/zaouia-copier.jpg","fifu_image_alt":"La Zaou\u00efa Amgharia \u00e0 Tameslouht, un r\u00f4le majeur au service du soufisme","footnotes":""},"categories":[54,76],"tags":[],"class_list":["post-146359","post","type-post","status-publish","format-standard","hentry","category-maroc","category-regions"],"_links":{"self":[{"href":"https:\/\/linitiative.ca\/International\/wp-json\/wp\/v2\/posts\/146359","targetHints":{"allow":["GET"]}}],"collection":[{"href":"https:\/\/linitiative.ca\/International\/wp-json\/wp\/v2\/posts"}],"about":[{"href":"https:\/\/linitiative.ca\/International\/wp-json\/wp\/v2\/types\/post"}],"author":[{"embeddable":true,"href":"https:\/\/linitiative.ca\/International\/wp-json\/wp\/v2\/users\/1788"}],"replies":[{"embeddable":true,"href":"https:\/\/linitiative.ca\/International\/wp-json\/wp\/v2\/comments?post=146359"}],"version-history":[{"count":0,"href":"https:\/\/linitiative.ca\/International\/wp-json\/wp\/v2\/posts\/146359\/revisions"}],"wp:attachment":[{"href":"https:\/\/linitiative.ca\/International\/wp-json\/wp\/v2\/media?parent=146359"}],"wp:term":[{"taxonomy":"category","embeddable":true,"href":"https:\/\/linitiative.ca\/International\/wp-json\/wp\/v2\/categories?post=146359"},{"taxonomy":"post_tag","embeddable":true,"href":"https:\/\/linitiative.ca\/International\/wp-json\/wp\/v2\/tags?post=146359"}],"curies":[{"name":"wp","href":"https:\/\/api.w.org\/{rel}","templated":true}]}}