{"id":146367,"date":"2022-04-26T08:59:37","date_gmt":"2022-04-26T12:59:37","guid":{"rendered":"https:\/\/linitiative.ca\/International\/catastrophes-naturelles-des-pertes-economiques-record-en-2021\/"},"modified":"2022-04-26T08:59:37","modified_gmt":"2022-04-26T12:59:37","slug":"catastrophes-naturelles-des-pertes-economiques-record-en-2021","status":"publish","type":"post","link":"https:\/\/linitiative.ca\/International\/catastrophes-naturelles-des-pertes-economiques-record-en-2021\/","title":{"rendered":"Catastrophes naturelles: Des pertes \u00e9conomiques record en 2021"},"content":{"rendered":"<div>\n<div class=\"field field-name-body field-type-text-with-summary field-label-hidden\">\n<div class=\"field-items\">\n<div class=\"field-item even\" property=\"content:encoded\">\n<p class=\"rtejustify\">Les pertes \u00e9conomiques caus\u00e9es par les catastrophes naturelles sont estim\u00e9es, pour l&rsquo;ann\u00e9e 2021, \u00e0 environ 252,1 milliards de dollars, selon un rapport du Centre de recherche sur l&rsquo;\u00e9pid\u00e9miologie des d\u00e9sastres (Cred) de l&rsquo;universit\u00e9 belge de l&rsquo;UCLouvain. Au total,\u00a0432 catastrophes naturelles ont \u00e9t\u00e9 enregistr\u00e9es dans le monde l&rsquo;ann\u00e9e derni\u00e8re, selon le CRED, alors que la moyenne annuelle\u00a0se situait \u00e0 357 catastrophes entre 2001 et 2020. Ces \u00e9v\u00e9nements ont caus\u00e9 10.492 d\u00e9c\u00e8s et touch\u00e9 101,8 millions de personnes.<\/p>\n<\/div>\n<\/div>\n<\/div>\n<\/div>\n<p>Auteur: hgueye<br \/>\n<a href=\"https:\/\/www.leconomiste.com\/flash-infos\/catastrophes-naturelles-des-pertes-economiques-record-en-2021\">Cliquez ici pour lire l&rsquo;article depuis sa source.<\/a><\/p>\n","protected":false},"excerpt":{"rendered":"<p>Les pertes \u00e9conomiques caus\u00e9es par les catastrophes naturelles sont estim\u00e9es, pour l&rsquo;ann\u00e9e 2021, \u00e0 environ 252,1 milliards de dollars, selon un rapport du Centre de recherche sur l&rsquo;\u00e9pid\u00e9miologie des d\u00e9sastres (Cred) de l&rsquo;universit\u00e9 belge de l&rsquo;UCLouvain. Au total,\u00a0432 catastrophes naturelles ont \u00e9t\u00e9 enregistr\u00e9es dans le monde l&rsquo;ann\u00e9e derni\u00e8re, selon le CRED, alors que la moyenne [&hellip;]<\/p>\n","protected":false},"author":1763,"featured_media":0,"comment_status":"closed","ping_status":"closed","sticky":false,"template":"","format":"standard","meta":{"fifu_image_url":"","fifu_image_alt":"","footnotes":""},"categories":[78,54],"tags":[],"class_list":["post-146367","post","type-post","status-publish","format-standard","hentry","category-economie","category-maroc"],"_links":{"self":[{"href":"https:\/\/linitiative.ca\/International\/wp-json\/wp\/v2\/posts\/146367","targetHints":{"allow":["GET"]}}],"collection":[{"href":"https:\/\/linitiative.ca\/International\/wp-json\/wp\/v2\/posts"}],"about":[{"href":"https:\/\/linitiative.ca\/International\/wp-json\/wp\/v2\/types\/post"}],"author":[{"embeddable":true,"href":"https:\/\/linitiative.ca\/International\/wp-json\/wp\/v2\/users\/1763"}],"replies":[{"embeddable":true,"href":"https:\/\/linitiative.ca\/International\/wp-json\/wp\/v2\/comments?post=146367"}],"version-history":[{"count":0,"href":"https:\/\/linitiative.ca\/International\/wp-json\/wp\/v2\/posts\/146367\/revisions"}],"wp:attachment":[{"href":"https:\/\/linitiative.ca\/International\/wp-json\/wp\/v2\/media?parent=146367"}],"wp:term":[{"taxonomy":"category","embeddable":true,"href":"https:\/\/linitiative.ca\/International\/wp-json\/wp\/v2\/categories?post=146367"},{"taxonomy":"post_tag","embeddable":true,"href":"https:\/\/linitiative.ca\/International\/wp-json\/wp\/v2\/tags?post=146367"}],"curies":[{"name":"wp","href":"https:\/\/api.w.org\/{rel}","templated":true}]}}