{"id":146368,"date":"2022-04-26T09:04:39","date_gmt":"2022-04-26T13:04:39","guid":{"rendered":"https:\/\/linitiative.ca\/International\/bnrm-exposition-danciennes-publications-marocaines\/"},"modified":"2022-04-26T09:04:39","modified_gmt":"2022-04-26T13:04:39","slug":"bnrm-exposition-danciennes-publications-marocaines","status":"publish","type":"post","link":"https:\/\/linitiative.ca\/International\/bnrm-exposition-danciennes-publications-marocaines\/","title":{"rendered":"BNRM : Exposition d&rsquo;anciennes publications marocaines"},"content":{"rendered":"<div>\n<div class=\"field field-name-body field-type-text-with-summary field-label-hidden\">\n<div class=\"field-items\">\n<div class=\"field-item even\" property=\"content:encoded\">\n<p>La Biblioth\u00e8que nationale du Royaume du Maroc (BNRM) a ouvert lundi son exposition d&rsquo;anciennes publications marocaines datant des ann\u00e9es 1864 et 1956, en guise de comm\u00e9moration de la journ\u00e9e mondiale du livre et du droit d&rsquo;auteur.<\/p>\n<p>C\u00e9l\u00e9brant la ville de Rabat, capitale de la culture dans le monde islamique, l&rsquo;exposition qui se poursuit jusqu&rsquo;au 30 avril offre \u00e0 d\u00e9couvrir des titres rares d&rsquo;anciennes publications au Maroc, remontant aux d\u00e9buts de la lithographie dans le Royaume (1846) et qui doivent leur existence au juge de Taroudant, Muhammad Ibn Al-Tayyib Al-Roudani.<\/p>\n<\/div>\n<\/div>\n<\/div>\n<\/div>\n<p>Auteur: mbasraoui<br \/>\n<a href=\"https:\/\/www.leconomiste.com\/flash-infos\/bnrm-exposition-d-anciennes-publications-marocaines\">Cliquez ici pour lire l&rsquo;article depuis sa source.<\/a><\/p>\n","protected":false},"excerpt":{"rendered":"<p>La Biblioth\u00e8que nationale du Royaume du Maroc (BNRM) a ouvert lundi son exposition d&rsquo;anciennes publications marocaines datant des ann\u00e9es 1864 et 1956, en guise de comm\u00e9moration de la journ\u00e9e mondiale du livre et du droit d&rsquo;auteur. C\u00e9l\u00e9brant la ville de Rabat, capitale de la culture dans le monde islamique, l&rsquo;exposition qui se poursuit jusqu&rsquo;au 30 [&hellip;]<\/p>\n","protected":false},"author":1763,"featured_media":0,"comment_status":"closed","ping_status":"closed","sticky":false,"template":"","format":"standard","meta":{"fifu_image_url":"","fifu_image_alt":"","footnotes":""},"categories":[78,54],"tags":[],"class_list":["post-146368","post","type-post","status-publish","format-standard","hentry","category-economie","category-maroc"],"_links":{"self":[{"href":"https:\/\/linitiative.ca\/International\/wp-json\/wp\/v2\/posts\/146368","targetHints":{"allow":["GET"]}}],"collection":[{"href":"https:\/\/linitiative.ca\/International\/wp-json\/wp\/v2\/posts"}],"about":[{"href":"https:\/\/linitiative.ca\/International\/wp-json\/wp\/v2\/types\/post"}],"author":[{"embeddable":true,"href":"https:\/\/linitiative.ca\/International\/wp-json\/wp\/v2\/users\/1763"}],"replies":[{"embeddable":true,"href":"https:\/\/linitiative.ca\/International\/wp-json\/wp\/v2\/comments?post=146368"}],"version-history":[{"count":0,"href":"https:\/\/linitiative.ca\/International\/wp-json\/wp\/v2\/posts\/146368\/revisions"}],"wp:attachment":[{"href":"https:\/\/linitiative.ca\/International\/wp-json\/wp\/v2\/media?parent=146368"}],"wp:term":[{"taxonomy":"category","embeddable":true,"href":"https:\/\/linitiative.ca\/International\/wp-json\/wp\/v2\/categories?post=146368"},{"taxonomy":"post_tag","embeddable":true,"href":"https:\/\/linitiative.ca\/International\/wp-json\/wp\/v2\/tags?post=146368"}],"curies":[{"name":"wp","href":"https:\/\/api.w.org\/{rel}","templated":true}]}}