{"id":146370,"date":"2022-04-26T10:56:32","date_gmt":"2022-04-26T14:56:32","guid":{"rendered":"https:\/\/linitiative.ca\/International\/programme-regions-emergentes-appel-doffres-pour-les-porteuses-de-projets-au-nord\/"},"modified":"2022-04-26T10:56:32","modified_gmt":"2022-04-26T14:56:32","slug":"programme-regions-emergentes-appel-doffres-pour-les-porteuses-de-projets-au-nord","status":"publish","type":"post","link":"https:\/\/linitiative.ca\/International\/programme-regions-emergentes-appel-doffres-pour-les-porteuses-de-projets-au-nord\/","title":{"rendered":"Programme \u00ab\u00a0r\u00e9gions \u00e9mergentes\u00a0\u00bb: Appel d\u2019offres pour les porteuses de projets au Nord"},"content":{"rendered":"<div>\n<div class=\"field field-name-body field-type-text-with-summary field-label-hidden\">\n<div class=\"field-items\">\n<div class=\"field-item even\" property=\"content:encoded\">\n<p class=\"rtejustify\">Le programme \u201cR\u00e9gions \u00e9mergentes\u201d de qualification et d&rsquo;autonomisation \u00e9conomique des femmes et des filles met le cap sur le Nord. Le minist\u00e8re de la Solidarit\u00e9, de l&rsquo;insertion sociale et de la famille, la Wilaya de la r\u00e9gion Tanger-T\u00e9touan-Al Hoceima et le Conseil r\u00e9gional ont annonc\u00e9 le lancement d\u2019un appel d\u2019offres au profit des femmes et filles porteuses de projets dans cette r\u00e9gion. L&rsquo;id\u00e9e est\u00a0mettre en \u0153uvre ledit programme, qui fait l&rsquo;objet d\u2019une convention de partenariat pour une enveloppe budg\u00e9taire de 12 millions de DH.<\/p>\n<\/div>\n<\/div>\n<\/div>\n<\/div>\n<p>Auteur: hgueye<br \/>\n<a href=\"https:\/\/www.leconomiste.com\/flash-infos\/programme-regions-emergentes-appel-d-offres-pour-les-porteuses-de-projets-au-nord\">Cliquez ici pour lire l&rsquo;article depuis sa source.<\/a><\/p>\n","protected":false},"excerpt":{"rendered":"<p>Le programme \u201cR\u00e9gions \u00e9mergentes\u201d de qualification et d&rsquo;autonomisation \u00e9conomique des femmes et des filles met le cap sur le Nord. Le minist\u00e8re de la Solidarit\u00e9, de l&rsquo;insertion sociale et de la famille, la Wilaya de la r\u00e9gion Tanger-T\u00e9touan-Al Hoceima et le Conseil r\u00e9gional ont annonc\u00e9 le lancement d\u2019un appel d\u2019offres au profit des femmes et [&hellip;]<\/p>\n","protected":false},"author":1763,"featured_media":0,"comment_status":"closed","ping_status":"closed","sticky":false,"template":"","format":"standard","meta":{"fifu_image_url":"","fifu_image_alt":"","footnotes":""},"categories":[78,54],"tags":[],"class_list":["post-146370","post","type-post","status-publish","format-standard","hentry","category-economie","category-maroc"],"_links":{"self":[{"href":"https:\/\/linitiative.ca\/International\/wp-json\/wp\/v2\/posts\/146370","targetHints":{"allow":["GET"]}}],"collection":[{"href":"https:\/\/linitiative.ca\/International\/wp-json\/wp\/v2\/posts"}],"about":[{"href":"https:\/\/linitiative.ca\/International\/wp-json\/wp\/v2\/types\/post"}],"author":[{"embeddable":true,"href":"https:\/\/linitiative.ca\/International\/wp-json\/wp\/v2\/users\/1763"}],"replies":[{"embeddable":true,"href":"https:\/\/linitiative.ca\/International\/wp-json\/wp\/v2\/comments?post=146370"}],"version-history":[{"count":0,"href":"https:\/\/linitiative.ca\/International\/wp-json\/wp\/v2\/posts\/146370\/revisions"}],"wp:attachment":[{"href":"https:\/\/linitiative.ca\/International\/wp-json\/wp\/v2\/media?parent=146370"}],"wp:term":[{"taxonomy":"category","embeddable":true,"href":"https:\/\/linitiative.ca\/International\/wp-json\/wp\/v2\/categories?post=146370"},{"taxonomy":"post_tag","embeddable":true,"href":"https:\/\/linitiative.ca\/International\/wp-json\/wp\/v2\/tags?post=146370"}],"curies":[{"name":"wp","href":"https:\/\/api.w.org\/{rel}","templated":true}]}}