{"id":146376,"date":"2022-04-26T15:06:00","date_gmt":"2022-04-26T19:06:00","guid":{"rendered":"https:\/\/linitiative.ca\/International\/man-city-real-madrid-mahrez-passeur-decisive-pour-de-bruyne-video\/"},"modified":"2022-04-26T15:06:00","modified_gmt":"2022-04-26T19:06:00","slug":"man-city-real-madrid-mahrez-passeur-decisive-pour-de-bruyne-video","status":"publish","type":"post","link":"https:\/\/linitiative.ca\/International\/man-city-real-madrid-mahrez-passeur-decisive-pour-de-bruyne-video\/","title":{"rendered":"Man City-Real Madrid : Mahrez passeur d\u00e9cisive pour De Bruyne (Vid\u00e9o)"},"content":{"rendered":"<div>L&rsquo;international alg\u00e9rien n&rsquo;a eu besoin que de deux minutes pour \u00eatre d\u00e9cisif dans ce match aller face au Real Madrid<\/div>\n<p>Auteur:<br \/>\n<a href=\"https:\/\/www.lebuteur.com\/article\/detail?titre=man-city-real-madrid-mahrez-passeur-decisive-pour-de-bruyne-video&#038;id=102780\">Cliquez ici pour lire l&rsquo;article depuis sa source.<\/a><\/p>\n","protected":false},"excerpt":{"rendered":"<p>L&rsquo;international alg\u00e9rien n&rsquo;a eu besoin que de deux minutes pour \u00eatre d\u00e9cisif dans ce match aller face au Real Madrid Auteur: Cliquez ici pour lire l&rsquo;article depuis sa source.<\/p>\n","protected":false},"author":1738,"featured_media":0,"comment_status":"closed","ping_status":"closed","sticky":false,"template":"","format":"standard","meta":{"fifu_image_url":"","fifu_image_alt":"","footnotes":""},"categories":[53,75],"tags":[],"class_list":["post-146376","post","type-post","status-publish","format-standard","hentry","category-algerie","category-sport"],"_links":{"self":[{"href":"https:\/\/linitiative.ca\/International\/wp-json\/wp\/v2\/posts\/146376","targetHints":{"allow":["GET"]}}],"collection":[{"href":"https:\/\/linitiative.ca\/International\/wp-json\/wp\/v2\/posts"}],"about":[{"href":"https:\/\/linitiative.ca\/International\/wp-json\/wp\/v2\/types\/post"}],"author":[{"embeddable":true,"href":"https:\/\/linitiative.ca\/International\/wp-json\/wp\/v2\/users\/1738"}],"replies":[{"embeddable":true,"href":"https:\/\/linitiative.ca\/International\/wp-json\/wp\/v2\/comments?post=146376"}],"version-history":[{"count":0,"href":"https:\/\/linitiative.ca\/International\/wp-json\/wp\/v2\/posts\/146376\/revisions"}],"wp:attachment":[{"href":"https:\/\/linitiative.ca\/International\/wp-json\/wp\/v2\/media?parent=146376"}],"wp:term":[{"taxonomy":"category","embeddable":true,"href":"https:\/\/linitiative.ca\/International\/wp-json\/wp\/v2\/categories?post=146376"},{"taxonomy":"post_tag","embeddable":true,"href":"https:\/\/linitiative.ca\/International\/wp-json\/wp\/v2\/tags?post=146376"}],"curies":[{"name":"wp","href":"https:\/\/api.w.org\/{rel}","templated":true}]}}