{"id":146377,"date":"2022-04-25T19:04:00","date_gmt":"2022-04-25T23:04:00","guid":{"rendered":"https:\/\/linitiative.ca\/International\/le-forum-international-de-la-rse-du-12-au-14-mai-2022-a-yasmine-hammamet\/"},"modified":"2022-04-25T19:04:00","modified_gmt":"2022-04-25T23:04:00","slug":"le-forum-international-de-la-rse-du-12-au-14-mai-2022-a-yasmine-hammamet","status":"publish","type":"post","link":"https:\/\/linitiative.ca\/International\/le-forum-international-de-la-rse-du-12-au-14-mai-2022-a-yasmine-hammamet\/","title":{"rendered":"Le Forum international de la RSE du 12 au 14 MAI 2022 \u00e0 Yasmine Hammamet"},"content":{"rendered":"<div><img decoding=\"async\" src=\"https:\/\/linitiative.ca\/International\/wp-content\/uploads\/sites\/23\/2022\/04\/1650925985_article.jpg\" alt=\"Le Forum international de la RSE du 12 au 14 MAI 2022 \u00e0 Yasmine Hammamet\" align=\"left\">L\u2019agence Tunisienne de mise en place de strat\u00e9gie RSE et marketing soci\u00e9tal AM MEDIAS PLUS, en partenariat avec\u00a0 l&rsquo;acad\u00e9mie Internationale de la RSE,le r\u00e9seau Afrique RSE et le Groupe Suisse MASODA et le CITET ,a l\u2019immense plaisir de vous annoncer l\u2019organisation du forum international et le salon de la RSE, du 12 au 14 mai 2022 \u00e0 l\u2019expo center m\u00e9dina de Yasmine Hammamet.<br \/>\nRSE, \u00e9conomie d\u2019\u00e9nergie et transport \u00e9cologique seront \u00e0 l\u2019honneur pendant trois jours.<br \/>\nUn forum unique en son genre aussi bien sur le fond que sur la forme !<br \/>\nCe forum d\u00e9di\u00e9 \u00e0 la RSE sera le premier \u00e9v\u00e8nement du genre \u00e0 \u00eatre organis\u00e9 en Tunisie. Il s\u2019att\u00e8lera \u00e0 vulgariser la culture RSE &#8230;<\/p>\n<\/div>\n<p>Auteur:<br \/>\n<a href=\"https:\/\/www.leaders.com.tn\/article\/33278-le-forum-international-de-la-rse-du-12-au-14-mai-2022-a-yasmine-hammamet\">Cliquez ici pour lire l&rsquo;article depuis sa source.<\/a><\/p>\n","protected":false},"excerpt":{"rendered":"<p>L\u2019agence Tunisienne de mise en place de strat\u00e9gie RSE et marketing soci\u00e9tal AM MEDIAS PLUS, en partenariat avec\u00a0 l&rsquo;acad\u00e9mie Internationale de la RSE,le r\u00e9seau Afrique RSE et le Groupe Suisse MASODA et le CITET ,a l\u2019immense plaisir de vous annoncer l\u2019organisation du forum international et le salon de la RSE, du 12 au 14 mai [&hellip;]<\/p>\n","protected":false},"author":1772,"featured_media":0,"comment_status":"closed","ping_status":"closed","sticky":false,"template":"","format":"standard","meta":{"fifu_image_url":"http:\/\/www.leaders.com.tn\/uploads\/content\/thumbnails_small\/1650925985_article.jpg","fifu_image_alt":"Le Forum international de la RSE du 12 au 14 MAI 2022 \u00e0 Yasmine Hammamet","footnotes":""},"categories":[73,55],"tags":[],"class_list":["post-146377","post","type-post","status-publish","format-standard","hentry","category-actualite","category-tunisie"],"_links":{"self":[{"href":"https:\/\/linitiative.ca\/International\/wp-json\/wp\/v2\/posts\/146377","targetHints":{"allow":["GET"]}}],"collection":[{"href":"https:\/\/linitiative.ca\/International\/wp-json\/wp\/v2\/posts"}],"about":[{"href":"https:\/\/linitiative.ca\/International\/wp-json\/wp\/v2\/types\/post"}],"author":[{"embeddable":true,"href":"https:\/\/linitiative.ca\/International\/wp-json\/wp\/v2\/users\/1772"}],"replies":[{"embeddable":true,"href":"https:\/\/linitiative.ca\/International\/wp-json\/wp\/v2\/comments?post=146377"}],"version-history":[{"count":0,"href":"https:\/\/linitiative.ca\/International\/wp-json\/wp\/v2\/posts\/146377\/revisions"}],"wp:attachment":[{"href":"https:\/\/linitiative.ca\/International\/wp-json\/wp\/v2\/media?parent=146377"}],"wp:term":[{"taxonomy":"category","embeddable":true,"href":"https:\/\/linitiative.ca\/International\/wp-json\/wp\/v2\/categories?post=146377"},{"taxonomy":"post_tag","embeddable":true,"href":"https:\/\/linitiative.ca\/International\/wp-json\/wp\/v2\/tags?post=146377"}],"curies":[{"name":"wp","href":"https:\/\/api.w.org\/{rel}","templated":true}]}}