{"id":146381,"date":"2022-04-26T10:38:15","date_gmt":"2022-04-26T14:38:15","guid":{"rendered":"https:\/\/linitiative.ca\/International\/badr-bouslikhane-remplace-larbi-alaoui-belrhiti-a-la-tete-de-jumia-maroc\/"},"modified":"2022-04-26T10:38:15","modified_gmt":"2022-04-26T14:38:15","slug":"badr-bouslikhane-remplace-larbi-alaoui-belrhiti-a-la-tete-de-jumia-maroc","status":"publish","type":"post","link":"https:\/\/linitiative.ca\/International\/badr-bouslikhane-remplace-larbi-alaoui-belrhiti-a-la-tete-de-jumia-maroc\/","title":{"rendered":"Badr Bouslikhane remplace Larbi Alaoui Belrhiti \u00e0 la t\u00eate de Jumia Maroc"},"content":{"rendered":"<div><img decoding=\"async\" width=\"627\" height=\"404\" src=\"https:\/\/linitiative.ca\/International\/wp-content\/uploads\/sites\/23\/2022\/04\/maroc-3.jpeg\" class=\"attachment-post-thumbnail size-post-thumbnail wp-post-image\" alt=\"\" loading=\"lazy\" srcset=\"https:\/\/linitiative.ca\/International\/wp-content\/uploads\/sites\/23\/2022\/04\/maroc-3.jpeg 627w, https:\/\/www.challenge.ma\/wp-content\/uploads\/2022\/04\/maroc-3-300x193.jpeg 300w, https:\/\/www.challenge.ma\/wp-content\/uploads\/2022\/04\/maroc-3-360x232.jpeg 360w\" sizes=\"auto, (max-width: 627px) 100vw, 627px\" itemprop=\"image\">Il a \u00e9t\u00e9 r\u00e9cemment nomm\u00e9 Directeur g\u00e9n\u00e9ral de Jumia Maroc. Badr Bouslikhane aura la mission de poursuivre le d\u00e9veloppement de\u00a0l\u2019entreprise. Badr Bouslikhane succ\u00e8de \u00e0 Larbi Alaoui Belrhiti \u00e0 la direction de Jumia Maroc. Une belle promotion pour celui qui, jusqu\u2019ici, occupait la fonction de Secr\u00e9taire g\u00e9n\u00e9ral de Jumia Maroc. Badr<\/div>\n<p>Auteur: challenge<br \/>\n<a href=\"https:\/\/www.challenge.ma\/badr-bouslikhane-nouveau-directeur-general-de-jumia-maroc-237506\/\">Cliquez ici pour lire l&rsquo;article depuis sa source.<\/a><\/p>\n","protected":false},"excerpt":{"rendered":"<p>Il a \u00e9t\u00e9 r\u00e9cemment nomm\u00e9 Directeur g\u00e9n\u00e9ral de Jumia Maroc. Badr Bouslikhane aura la mission de poursuivre le d\u00e9veloppement de\u00a0l\u2019entreprise. Badr Bouslikhane succ\u00e8de \u00e0 Larbi Alaoui Belrhiti \u00e0 la direction de Jumia Maroc. Une belle promotion pour celui qui, jusqu\u2019ici, occupait la fonction de Secr\u00e9taire g\u00e9n\u00e9ral de Jumia Maroc. Badr Auteur: challenge Cliquez ici pour [&hellip;]<\/p>\n","protected":false},"author":1787,"featured_media":0,"comment_status":"closed","ping_status":"closed","sticky":false,"template":"","format":"standard","meta":{"fifu_image_url":"https:\/\/www.challenge.ma\/wp-content\/uploads\/2022\/04\/maroc-3.jpeg","fifu_image_alt":"Badr Bouslikhane remplace Larbi Alaoui Belrhiti \u00e0 la t\u00eate de Jumia Maroc","footnotes":""},"categories":[78,54],"tags":[],"class_list":["post-146381","post","type-post","status-publish","format-standard","hentry","category-economie","category-maroc"],"_links":{"self":[{"href":"https:\/\/linitiative.ca\/International\/wp-json\/wp\/v2\/posts\/146381","targetHints":{"allow":["GET"]}}],"collection":[{"href":"https:\/\/linitiative.ca\/International\/wp-json\/wp\/v2\/posts"}],"about":[{"href":"https:\/\/linitiative.ca\/International\/wp-json\/wp\/v2\/types\/post"}],"author":[{"embeddable":true,"href":"https:\/\/linitiative.ca\/International\/wp-json\/wp\/v2\/users\/1787"}],"replies":[{"embeddable":true,"href":"https:\/\/linitiative.ca\/International\/wp-json\/wp\/v2\/comments?post=146381"}],"version-history":[{"count":0,"href":"https:\/\/linitiative.ca\/International\/wp-json\/wp\/v2\/posts\/146381\/revisions"}],"wp:attachment":[{"href":"https:\/\/linitiative.ca\/International\/wp-json\/wp\/v2\/media?parent=146381"}],"wp:term":[{"taxonomy":"category","embeddable":true,"href":"https:\/\/linitiative.ca\/International\/wp-json\/wp\/v2\/categories?post=146381"},{"taxonomy":"post_tag","embeddable":true,"href":"https:\/\/linitiative.ca\/International\/wp-json\/wp\/v2\/tags?post=146381"}],"curies":[{"name":"wp","href":"https:\/\/api.w.org\/{rel}","templated":true}]}}