{"id":146383,"date":"2022-04-26T11:18:17","date_gmt":"2022-04-26T15:18:17","guid":{"rendered":"https:\/\/linitiative.ca\/International\/propriete-industrielle-lompic-lance-une-caravane-de-sensibilisation-des-jeunes-a-linnovation-et-a-la-creativite\/"},"modified":"2022-04-26T11:18:17","modified_gmt":"2022-04-26T15:18:17","slug":"propriete-industrielle-lompic-lance-une-caravane-de-sensibilisation-des-jeunes-a-linnovation-et-a-la-creativite","status":"publish","type":"post","link":"https:\/\/linitiative.ca\/International\/propriete-industrielle-lompic-lance-une-caravane-de-sensibilisation-des-jeunes-a-linnovation-et-a-la-creativite\/","title":{"rendered":"Propri\u00e9t\u00e9 industrielle : l\u2019OMPIC lance une caravane de sensibilisation des jeunes \u00e0 l\u2019innovation et \u00e0 la cr\u00e9ativit\u00e9"},"content":{"rendered":"<div><img decoding=\"async\" width=\"800\" height=\"600\" src=\"https:\/\/linitiative.ca\/International\/wp-content\/uploads\/sites\/23\/2022\/04\/abdelaziz-babqiqi-e1650987441149.jpg\" class=\"attachment-post-thumbnail size-post-thumbnail wp-post-image\" alt=\"\" loading=\"lazy\" itemprop=\"image\">A l\u2019occasion de la c\u00e9l\u00e9bration de la Journ\u00e9e Mondiale de la Propri\u00e9t\u00e9 Intellectuelle, le Minist\u00e8re de l\u2019Industrie et du Commerce, l\u2019Office Marocain de la Propri\u00e9t\u00e9 Industrielle et Commerciale (OMPIC) et la Fondation de Recherche, de D\u00e9veloppement et d\u2019Innovation en Sciences et Ing\u00e9nierie (FRDISI) ont organis\u00e9, ce mardi 26 avril, un<\/div>\n<p>Auteur: Mehdi Ouazzani<br \/>\n<a href=\"https:\/\/www.challenge.ma\/ompic-forum-sous-le-theme-la-propriete-industrielle-au-service-de-linnovation-et-la-creativite-237512\/\">Cliquez ici pour lire l&rsquo;article depuis sa source.<\/a><\/p>\n","protected":false},"excerpt":{"rendered":"<p>A l\u2019occasion de la c\u00e9l\u00e9bration de la Journ\u00e9e Mondiale de la Propri\u00e9t\u00e9 Intellectuelle, le Minist\u00e8re de l\u2019Industrie et du Commerce, l\u2019Office Marocain de la Propri\u00e9t\u00e9 Industrielle et Commerciale (OMPIC) et la Fondation de Recherche, de D\u00e9veloppement et d\u2019Innovation en Sciences et Ing\u00e9nierie (FRDISI) ont organis\u00e9, ce mardi 26 avril, un Auteur: Mehdi Ouazzani Cliquez ici [&hellip;]<\/p>\n","protected":false},"author":1787,"featured_media":0,"comment_status":"closed","ping_status":"closed","sticky":false,"template":"","format":"standard","meta":{"fifu_image_url":"https:\/\/www.challenge.ma\/wp-content\/uploads\/2022\/04\/abdelaziz-babqiqi-e1650987441149.jpg","fifu_image_alt":"Propri\u00e9t\u00e9 industrielle : l\u2019OMPIC lance une caravane de sensibilisation des jeunes \u00e0 l\u2019innovation et \u00e0 la cr\u00e9ativit\u00e9","footnotes":""},"categories":[78,54],"tags":[],"class_list":["post-146383","post","type-post","status-publish","format-standard","hentry","category-economie","category-maroc"],"_links":{"self":[{"href":"https:\/\/linitiative.ca\/International\/wp-json\/wp\/v2\/posts\/146383","targetHints":{"allow":["GET"]}}],"collection":[{"href":"https:\/\/linitiative.ca\/International\/wp-json\/wp\/v2\/posts"}],"about":[{"href":"https:\/\/linitiative.ca\/International\/wp-json\/wp\/v2\/types\/post"}],"author":[{"embeddable":true,"href":"https:\/\/linitiative.ca\/International\/wp-json\/wp\/v2\/users\/1787"}],"replies":[{"embeddable":true,"href":"https:\/\/linitiative.ca\/International\/wp-json\/wp\/v2\/comments?post=146383"}],"version-history":[{"count":0,"href":"https:\/\/linitiative.ca\/International\/wp-json\/wp\/v2\/posts\/146383\/revisions"}],"wp:attachment":[{"href":"https:\/\/linitiative.ca\/International\/wp-json\/wp\/v2\/media?parent=146383"}],"wp:term":[{"taxonomy":"category","embeddable":true,"href":"https:\/\/linitiative.ca\/International\/wp-json\/wp\/v2\/categories?post=146383"},{"taxonomy":"post_tag","embeddable":true,"href":"https:\/\/linitiative.ca\/International\/wp-json\/wp\/v2\/tags?post=146383"}],"curies":[{"name":"wp","href":"https:\/\/api.w.org\/{rel}","templated":true}]}}