{"id":146385,"date":"2022-04-26T11:52:57","date_gmt":"2022-04-26T15:52:57","guid":{"rendered":"https:\/\/linitiative.ca\/International\/maroc-japon-entree-en-vigueur-de-deux-nouveaux-accords-pour-doper-les-investissements\/"},"modified":"2022-04-26T11:52:57","modified_gmt":"2022-04-26T15:52:57","slug":"maroc-japon-entree-en-vigueur-de-deux-nouveaux-accords-pour-doper-les-investissements","status":"publish","type":"post","link":"https:\/\/linitiative.ca\/International\/maroc-japon-entree-en-vigueur-de-deux-nouveaux-accords-pour-doper-les-investissements\/","title":{"rendered":"Maroc-Japon. Entr\u00e9e en vigueur de deux nouveaux accords pour doper les investissements"},"content":{"rendered":"<div><img decoding=\"async\" width=\"2000\" height=\"1500\" src=\"https:\/\/linitiative.ca\/International\/wp-content\/uploads\/sites\/23\/2022\/04\/1-5.jpg\" class=\"attachment-post-thumbnail size-post-thumbnail wp-post-image\" alt=\"\" loading=\"lazy\" srcset=\"https:\/\/linitiative.ca\/International\/wp-content\/uploads\/sites\/23\/2022\/04\/1-5.jpg 2000w, https:\/\/www.challenge.ma\/wp-content\/uploads\/2022\/04\/1-5-300x225.jpg 300w, https:\/\/www.challenge.ma\/wp-content\/uploads\/2022\/04\/1-5-1024x768.jpg 1024w, https:\/\/www.challenge.ma\/wp-content\/uploads\/2022\/04\/1-5-768x576.jpg 768w, https:\/\/www.challenge.ma\/wp-content\/uploads\/2022\/04\/1-5-1536x1152.jpg 1536w, https:\/\/www.challenge.ma\/wp-content\/uploads\/2022\/04\/1-5-360x270.jpg 360w, https:\/\/www.challenge.ma\/wp-content\/uploads\/2022\/04\/1-5-750x563.jpg 750w\" sizes=\"auto, (max-width: 2000px) 100vw, 2000px\" itemprop=\"image\">Bonne nouvelle pour les op\u00e9rateurs \u00e9conomiques marocains d\u00e9sireux de faire du business au Japon. L\u2019Accord pour la Protection et la Promotion des Investissements et la Convention de Non Double Imposition entre le Japon et le Royaume du Maroc entrent en effet en vigueur. Les d\u00e9tails. Le samedi 23 avril 2022<\/div>\n<p>Auteur: challenge<br \/>\n<a href=\"https:\/\/www.challenge.ma\/maroc-japon-entree-en-vigueur-de-deux-nouveaux-accords-pour-doper-les-investissements-237532\/\">Cliquez ici pour lire l&rsquo;article depuis sa source.<\/a><\/p>\n","protected":false},"excerpt":{"rendered":"<p>Bonne nouvelle pour les op\u00e9rateurs \u00e9conomiques marocains d\u00e9sireux de faire du business au Japon. L\u2019Accord pour la Protection et la Promotion des Investissements et la Convention de Non Double Imposition entre le Japon et le Royaume du Maroc entrent en effet en vigueur. Les d\u00e9tails. Le samedi 23 avril 2022 Auteur: challenge Cliquez ici pour [&hellip;]<\/p>\n","protected":false},"author":1787,"featured_media":0,"comment_status":"closed","ping_status":"closed","sticky":false,"template":"","format":"standard","meta":{"fifu_image_url":"https:\/\/www.challenge.ma\/wp-content\/uploads\/2022\/04\/1-5.jpg","fifu_image_alt":"Maroc-Japon. Entr\u00e9e en vigueur de deux nouveaux accords pour doper les investissements","footnotes":""},"categories":[78,54],"tags":[],"class_list":["post-146385","post","type-post","status-publish","format-standard","hentry","category-economie","category-maroc"],"_links":{"self":[{"href":"https:\/\/linitiative.ca\/International\/wp-json\/wp\/v2\/posts\/146385","targetHints":{"allow":["GET"]}}],"collection":[{"href":"https:\/\/linitiative.ca\/International\/wp-json\/wp\/v2\/posts"}],"about":[{"href":"https:\/\/linitiative.ca\/International\/wp-json\/wp\/v2\/types\/post"}],"author":[{"embeddable":true,"href":"https:\/\/linitiative.ca\/International\/wp-json\/wp\/v2\/users\/1787"}],"replies":[{"embeddable":true,"href":"https:\/\/linitiative.ca\/International\/wp-json\/wp\/v2\/comments?post=146385"}],"version-history":[{"count":0,"href":"https:\/\/linitiative.ca\/International\/wp-json\/wp\/v2\/posts\/146385\/revisions"}],"wp:attachment":[{"href":"https:\/\/linitiative.ca\/International\/wp-json\/wp\/v2\/media?parent=146385"}],"wp:term":[{"taxonomy":"category","embeddable":true,"href":"https:\/\/linitiative.ca\/International\/wp-json\/wp\/v2\/categories?post=146385"},{"taxonomy":"post_tag","embeddable":true,"href":"https:\/\/linitiative.ca\/International\/wp-json\/wp\/v2\/tags?post=146385"}],"curies":[{"name":"wp","href":"https:\/\/api.w.org\/{rel}","templated":true}]}}