{"id":146392,"date":"2022-04-26T16:46:37","date_gmt":"2022-04-26T20:46:37","guid":{"rendered":"https:\/\/linitiative.ca\/International\/tunisie-jendouba-photos-une-seance-de-travail-sur-le-logement-social\/"},"modified":"2022-04-26T16:46:37","modified_gmt":"2022-04-26T20:46:37","slug":"tunisie-jendouba-photos-une-seance-de-travail-sur-le-logement-social","status":"publish","type":"post","link":"https:\/\/linitiative.ca\/International\/tunisie-jendouba-photos-une-seance-de-travail-sur-le-logement-social\/","title":{"rendered":"Tunisie-Jendouba [PHOTOS] : Une s\u00e9ance de travail sur le logement social"},"content":{"rendered":"<div>\n<p>Une s\u00e9ance a \u00e9t\u00e9 tenue aujourd\u2019hui, mardi 26 avril 2022, au si\u00e8ge du gouvernorat, en pr\u00e9sence de tous les intervenants, consacr\u00e9e \u00e0 l\u2019examen des programmes de logements sociaux dans le gouvernorat de Jendouba et \u00e0 l\u2019examen des probl\u00e8mes qui entravent leur mise en \u0153uvre. Pour sa part, le\u00a0premier D\u00e9l\u00e9gu\u00e9, charg\u00e9 de la gestion des affaire [\u2026]<\/p>\n<p>L\u2019article <a href=\"https:\/\/www.tunisienumerique.com\/tunisie-jendouba-photos-une-seance-de-travail-sur-le-logement-social\/\">Tunisie-Jendouba [PHOTOS] : Une s\u00e9ance de travail sur le logement social<\/a> est apparu en premier sur <a href=\"https:\/\/www.tunisienumerique.com\/\">Tunisie<\/a>.<\/p>\n<\/div>\n<p>Auteur: rania ben slimane<br \/>\n<a href=\"https:\/\/www.tunisienumerique.com\/tunisie-jendouba-photos-une-seance-de-travail-sur-le-logement-social\/\">Cliquez ici pour lire l&rsquo;article depuis sa source.<\/a><\/p>\n","protected":false},"excerpt":{"rendered":"<p>Une s\u00e9ance a \u00e9t\u00e9 tenue aujourd\u2019hui, mardi 26 avril 2022, au si\u00e8ge du gouvernorat, en pr\u00e9sence de tous les intervenants, consacr\u00e9e \u00e0 l\u2019examen des programmes de logements sociaux dans le gouvernorat de Jendouba et \u00e0 l\u2019examen des probl\u00e8mes qui entravent leur mise en \u0153uvre. Pour sa part, le\u00a0premier D\u00e9l\u00e9gu\u00e9, charg\u00e9 de la gestion des affaire [&hellip;]<\/p>\n","protected":false},"author":1789,"featured_media":0,"comment_status":"closed","ping_status":"closed","sticky":false,"template":"","format":"standard","meta":{"fifu_image_url":"","fifu_image_alt":"","footnotes":""},"categories":[73,55],"tags":[],"class_list":["post-146392","post","type-post","status-publish","format-standard","hentry","category-actualite","category-tunisie"],"_links":{"self":[{"href":"https:\/\/linitiative.ca\/International\/wp-json\/wp\/v2\/posts\/146392","targetHints":{"allow":["GET"]}}],"collection":[{"href":"https:\/\/linitiative.ca\/International\/wp-json\/wp\/v2\/posts"}],"about":[{"href":"https:\/\/linitiative.ca\/International\/wp-json\/wp\/v2\/types\/post"}],"author":[{"embeddable":true,"href":"https:\/\/linitiative.ca\/International\/wp-json\/wp\/v2\/users\/1789"}],"replies":[{"embeddable":true,"href":"https:\/\/linitiative.ca\/International\/wp-json\/wp\/v2\/comments?post=146392"}],"version-history":[{"count":0,"href":"https:\/\/linitiative.ca\/International\/wp-json\/wp\/v2\/posts\/146392\/revisions"}],"wp:attachment":[{"href":"https:\/\/linitiative.ca\/International\/wp-json\/wp\/v2\/media?parent=146392"}],"wp:term":[{"taxonomy":"category","embeddable":true,"href":"https:\/\/linitiative.ca\/International\/wp-json\/wp\/v2\/categories?post=146392"},{"taxonomy":"post_tag","embeddable":true,"href":"https:\/\/linitiative.ca\/International\/wp-json\/wp\/v2\/tags?post=146392"}],"curies":[{"name":"wp","href":"https:\/\/api.w.org\/{rel}","templated":true}]}}