{"id":146398,"date":"2022-04-26T15:56:07","date_gmt":"2022-04-26T19:56:07","guid":{"rendered":"https:\/\/linitiative.ca\/International\/condamnation-dun-journaliste-au-maroc-rabie-al-ablaq-le-poil-a-gratter-du-roi\/"},"modified":"2022-04-26T15:56:07","modified_gmt":"2022-04-26T19:56:07","slug":"condamnation-dun-journaliste-au-maroc-rabie-al-ablaq-le-poil-a-gratter-du-roi","status":"publish","type":"post","link":"https:\/\/linitiative.ca\/International\/condamnation-dun-journaliste-au-maroc-rabie-al-ablaq-le-poil-a-gratter-du-roi\/","title":{"rendered":"CONDAMNATION D\u2019UN JOURNALISTE AU MAROC : Rabie Al Ablaq, le poil \u00e0 gratter du roi"},"content":{"rendered":"<div>\n<p><img decoding=\"async\" width=\"299\" height=\"168\" src=\"https:\/\/linitiative.ca\/International\/wp-content\/uploads\/sites\/23\/2022\/04\/maroc-1.jpg\" class=\"attachment- size- wp-post-image\" alt=\"\" loading=\"lazy\" style=\"float:left; margin:0 15px 15px 0;\" srcset=\"https:\/\/linitiative.ca\/International\/wp-content\/uploads\/sites\/23\/2022\/04\/maroc-1.jpg 299w, https:\/\/lepays.bf\/wp-content\/uploads\/2022\/04\/maroc-150x84.jpg 150w\" sizes=\"auto, (max-width: 299px) 100vw, 299px\">Retour \u00e0 la case prison pour le journaliste marocain, Rabie Al Ablaq. En effet, inculp\u00e9 pour \u00ab\u00a0manquement public au respect et \u00e0 la r\u00e9v\u00e9rence dus \u00e0 la personne du roi\u00a0\u00bb, il a \u00e9t\u00e9 condamn\u00e9, le 25 avril dernier, \u00e0 une peine d\u2019emprisonnement ferme de 4 [\u2026]<\/p>\n<p>L\u2019article <a rel=\"nofollow\" href=\"https:\/\/lepays.bf\/condamnation-dun-journaliste-au-maroc-rabie-al-ablaq-le-poil-a-gratter-du-roi\/\">CONDAMNATION D\u2019UN JOURNALISTE AU MAROC : Rabie Al Ablaq, le poil \u00e0 gratter du roi<\/a> est apparu en premier sur <a rel=\"nofollow\" href=\"https:\/\/lepays.bf\/\">Editions Le Pays<\/a>.<\/p>\n<\/div>\n<p>Auteur: Editions LEPAYS<br \/>\n<a href=\"https:\/\/lepays.bf\/condamnation-dun-journaliste-au-maroc-rabie-al-ablaq-le-poil-a-gratter-du-roi\/\">Cliquez ici pour lire l&rsquo;article depuis sa source.<\/a><\/p>\n","protected":false},"excerpt":{"rendered":"<p>Retour \u00e0 la case prison pour le journaliste marocain, Rabie Al Ablaq. En effet, inculp\u00e9 pour \u00ab\u00a0manquement public au respect et \u00e0 la r\u00e9v\u00e9rence dus \u00e0 la personne du roi\u00a0\u00bb, il a \u00e9t\u00e9 condamn\u00e9, le 25 avril dernier, \u00e0 une peine d\u2019emprisonnement ferme de 4 [\u2026] L\u2019article CONDAMNATION D\u2019UN JOURNALISTE AU MAROC : Rabie Al [&hellip;]<\/p>\n","protected":false},"author":1813,"featured_media":0,"comment_status":"closed","ping_status":"closed","sticky":false,"template":"","format":"standard","meta":{"fifu_image_url":"https:\/\/lepays.bf\/wp-content\/uploads\/2022\/04\/maroc.jpg","fifu_image_alt":"CONDAMNATION D\u2019UN JOURNALISTE AU MAROC : Rabie Al Ablaq, le poil \u00e0 gratter du roi","footnotes":""},"categories":[73,81],"tags":[],"class_list":["post-146398","post","type-post","status-publish","format-standard","hentry","category-actualite","category-burkina-faso"],"_links":{"self":[{"href":"https:\/\/linitiative.ca\/International\/wp-json\/wp\/v2\/posts\/146398","targetHints":{"allow":["GET"]}}],"collection":[{"href":"https:\/\/linitiative.ca\/International\/wp-json\/wp\/v2\/posts"}],"about":[{"href":"https:\/\/linitiative.ca\/International\/wp-json\/wp\/v2\/types\/post"}],"author":[{"embeddable":true,"href":"https:\/\/linitiative.ca\/International\/wp-json\/wp\/v2\/users\/1813"}],"replies":[{"embeddable":true,"href":"https:\/\/linitiative.ca\/International\/wp-json\/wp\/v2\/comments?post=146398"}],"version-history":[{"count":0,"href":"https:\/\/linitiative.ca\/International\/wp-json\/wp\/v2\/posts\/146398\/revisions"}],"wp:attachment":[{"href":"https:\/\/linitiative.ca\/International\/wp-json\/wp\/v2\/media?parent=146398"}],"wp:term":[{"taxonomy":"category","embeddable":true,"href":"https:\/\/linitiative.ca\/International\/wp-json\/wp\/v2\/categories?post=146398"},{"taxonomy":"post_tag","embeddable":true,"href":"https:\/\/linitiative.ca\/International\/wp-json\/wp\/v2\/tags?post=146398"}],"curies":[{"name":"wp","href":"https:\/\/api.w.org\/{rel}","templated":true}]}}