{"id":146402,"date":"2022-04-26T09:19:19","date_gmt":"2022-04-26T13:19:19","guid":{"rendered":"https:\/\/linitiative.ca\/International\/togo-le-gouvernement-licencie-112-enseignants-grevistes\/"},"modified":"2022-04-26T09:19:19","modified_gmt":"2022-04-26T13:19:19","slug":"togo-le-gouvernement-licencie-112-enseignants-grevistes","status":"publish","type":"post","link":"https:\/\/linitiative.ca\/International\/togo-le-gouvernement-licencie-112-enseignants-grevistes\/","title":{"rendered":"Togo : le gouvernement licencie 112 enseignants gr\u00e9vistes"},"content":{"rendered":"<div>\n<p>En conflit avec le gouvernement, 112 des enseignants gr\u00e9vistes togolais ont \u00e9t\u00e9 licenci\u00e9s de la fonction publique \u00e0 travers deux arr\u00eat\u00e9s du ministre togolais de la Fonction publique Gilbert Bawara.<\/p>\n<p>Le ministre leur reproche <em>\u00ab\u00a0de manquements graves aux lois et r\u00e8glements en vigueur et aux normes d\u2019\u00e9thique et de d\u00e9ontologie r\u00e9gissant les fonctionnaires\u00a0\u00bb<\/em>. Les agents licenci\u00e9s sont, entre autres, accus\u00e9s d\u2019incivisme notoire, d\u2019incitation \u00e0 la violence, \u00e0 la d\u00e9sob\u00e9issance et \u00e0 la r\u00e9volte.<\/p>\n<p>En gr\u00e8ves cycliques depuis mi-mars, les enseignants gr\u00e9vistes r\u00e9clament \u00a0une prime mensuelle de logement de 50 000 FCFA, une prime annuelle d\u2019\u00e9loignement d\u2019au moins 300\u2009francs CFA\/km, l\u2019int\u00e9gration dans la fonction publique des enseignants volontaires exer\u00e7ant ou ayant exerc\u00e9 dans un \u00e9tablissement public pendant 3 ans au moins et disposant de qualification professionnelle requise, une allocation de mutation d\u2019au moins 100 000 francs CFA pour l\u2019interr\u00e9gional et 60 000 francs CFA pour l\u2019intrar\u00e9gional.<\/p>\n<p style=\"text-align: right\"><strong>AK<\/strong><\/p>\n<p style=\"text-align: right\">(Source\u00a0: AA)<\/p>\n<p>L\u2019article <a rel=\"nofollow\" href=\"https:\/\/www.sidwaya.info\/blog\/2022\/04\/26\/togo-le-gouvernement-licencie-112-enseignants-grevistes\/\">Togo : le gouvernement licencie 112 enseignants gr\u00e9vistes<\/a> est apparu en premier sur <a rel=\"nofollow\" href=\"https:\/\/www.sidwaya.info\/\">Quotidien Sidwaya<\/a>.<\/p>\n<\/div>\n<p>Auteur: Wamini SIDWAYA<br \/>\n<a href=\"https:\/\/www.sidwaya.info\/blog\/2022\/04\/26\/togo-le-gouvernement-licencie-112-enseignants-grevistes\/?utm_source=rss&#038;utm_medium=rss&#038;utm_campaign=togo-le-gouvernement-licencie-112-enseignants-grevistes\">Cliquez ici pour lire l&rsquo;article depuis sa source.<\/a><\/p>\n","protected":false},"excerpt":{"rendered":"<p>En conflit avec le gouvernement, 112 des enseignants gr\u00e9vistes togolais ont \u00e9t\u00e9 licenci\u00e9s de la fonction publique \u00e0 travers deux arr\u00eat\u00e9s du ministre togolais de la Fonction publique Gilbert Bawara. Le ministre leur reproche \u00ab\u00a0de manquements graves aux lois et r\u00e8glements en vigueur et aux normes d\u2019\u00e9thique et de d\u00e9ontologie r\u00e9gissant les fonctionnaires\u00a0\u00bb. Les agents [&hellip;]<\/p>\n","protected":false},"author":1816,"featured_media":0,"comment_status":"closed","ping_status":"closed","sticky":false,"template":"","format":"standard","meta":{"fifu_image_url":"","fifu_image_alt":"","footnotes":""},"categories":[73,81],"tags":[],"class_list":["post-146402","post","type-post","status-publish","format-standard","hentry","category-actualite","category-burkina-faso"],"_links":{"self":[{"href":"https:\/\/linitiative.ca\/International\/wp-json\/wp\/v2\/posts\/146402","targetHints":{"allow":["GET"]}}],"collection":[{"href":"https:\/\/linitiative.ca\/International\/wp-json\/wp\/v2\/posts"}],"about":[{"href":"https:\/\/linitiative.ca\/International\/wp-json\/wp\/v2\/types\/post"}],"author":[{"embeddable":true,"href":"https:\/\/linitiative.ca\/International\/wp-json\/wp\/v2\/users\/1816"}],"replies":[{"embeddable":true,"href":"https:\/\/linitiative.ca\/International\/wp-json\/wp\/v2\/comments?post=146402"}],"version-history":[{"count":0,"href":"https:\/\/linitiative.ca\/International\/wp-json\/wp\/v2\/posts\/146402\/revisions"}],"wp:attachment":[{"href":"https:\/\/linitiative.ca\/International\/wp-json\/wp\/v2\/media?parent=146402"}],"wp:term":[{"taxonomy":"category","embeddable":true,"href":"https:\/\/linitiative.ca\/International\/wp-json\/wp\/v2\/categories?post=146402"},{"taxonomy":"post_tag","embeddable":true,"href":"https:\/\/linitiative.ca\/International\/wp-json\/wp\/v2\/tags?post=146402"}],"curies":[{"name":"wp","href":"https:\/\/api.w.org\/{rel}","templated":true}]}}