{"id":146403,"date":"2022-04-26T11:41:30","date_gmt":"2022-04-26T15:41:30","guid":{"rendered":"https:\/\/linitiative.ca\/International\/benin-un-policier-tue-lors-dune-attaque-visant-un-commissariat-dans-le-nord-du-pays\/"},"modified":"2022-04-26T11:41:30","modified_gmt":"2022-04-26T15:41:30","slug":"benin-un-policier-tue-lors-dune-attaque-visant-un-commissariat-dans-le-nord-du-pays","status":"publish","type":"post","link":"https:\/\/linitiative.ca\/International\/benin-un-policier-tue-lors-dune-attaque-visant-un-commissariat-dans-le-nord-du-pays\/","title":{"rendered":"B\u00e9nin : un policier tu\u00e9 lors d\u2019une attaque visant un commissariat dans le nord du pays"},"content":{"rendered":"<div>\n<p>Une attaque dans le nord du B\u00e9nin a tu\u00e9 un policier et fait des bless\u00e9s ce mardi 26 avril dans la matin\u00e9e. Elle a vis\u00e9 le commissariat de Monsey, un arrondissement de la commune de Karimama, au nord-est du B\u00e9nin, c\u00f4t\u00e9 fronti\u00e8re avec le Niger.<\/p>\n<p>Huit hommes arm\u00e9s arriv\u00e9s sur 4 motos ont abattu un policier et mis le feu au commissariat. Des photos de braise \u00e0 l\u2019int\u00e9rieur du commissariat et des d\u00e9g\u00e2ts dans la cour ont circul\u00e9 sur les r\u00e9seaux sociaux.<\/p>\n<p>Plusieurs voix parlent d\u2019une attaque terroriste, mais certaines sources s\u00e9curitaires disent ne pas avoir encore tous les indices pour conclure \u00e0 une op\u00e9ration men\u00e9e par des jihadistes.<\/p>\n<p>Le gouvernement ne s\u2019est pas encore prononc\u00e9 sur la situation.<\/p>\n<p style=\"text-align: right\"><strong>F.O.<\/strong><\/p>\n<p style=\"text-align: right\"><strong>Source\u00a0: rfi.fr<\/strong><\/p>\n<p>L\u2019article <a rel=\"nofollow\" href=\"https:\/\/www.sidwaya.info\/blog\/2022\/04\/26\/benin-un-policier-tue-lors-dune-attaque-visant-un-commissariat-dans-le-nord-du-pays\/\">B\u00e9nin : un policier tu\u00e9 lors d\u2019une attaque visant un commissariat dans le nord du pays<\/a> est apparu en premier sur <a rel=\"nofollow\" href=\"https:\/\/www.sidwaya.info\/\">Quotidien Sidwaya<\/a>.<\/p>\n<\/div>\n<p>Auteur: Wamini SIDWAYA<br \/>\n<a href=\"https:\/\/www.sidwaya.info\/blog\/2022\/04\/26\/benin-un-policier-tue-lors-dune-attaque-visant-un-commissariat-dans-le-nord-du-pays\/?utm_source=rss&#038;utm_medium=rss&#038;utm_campaign=benin-un-policier-tue-lors-dune-attaque-visant-un-commissariat-dans-le-nord-du-pays\">Cliquez ici pour lire l&rsquo;article depuis sa source.<\/a><\/p>\n","protected":false},"excerpt":{"rendered":"<p>Une attaque dans le nord du B\u00e9nin a tu\u00e9 un policier et fait des bless\u00e9s ce mardi 26 avril dans la matin\u00e9e. Elle a vis\u00e9 le commissariat de Monsey, un arrondissement de la commune de Karimama, au nord-est du B\u00e9nin, c\u00f4t\u00e9 fronti\u00e8re avec le Niger. Huit hommes arm\u00e9s arriv\u00e9s sur 4 motos ont abattu un [&hellip;]<\/p>\n","protected":false},"author":1816,"featured_media":0,"comment_status":"closed","ping_status":"closed","sticky":false,"template":"","format":"standard","meta":{"fifu_image_url":"","fifu_image_alt":"","footnotes":""},"categories":[73,81],"tags":[],"class_list":["post-146403","post","type-post","status-publish","format-standard","hentry","category-actualite","category-burkina-faso"],"_links":{"self":[{"href":"https:\/\/linitiative.ca\/International\/wp-json\/wp\/v2\/posts\/146403","targetHints":{"allow":["GET"]}}],"collection":[{"href":"https:\/\/linitiative.ca\/International\/wp-json\/wp\/v2\/posts"}],"about":[{"href":"https:\/\/linitiative.ca\/International\/wp-json\/wp\/v2\/types\/post"}],"author":[{"embeddable":true,"href":"https:\/\/linitiative.ca\/International\/wp-json\/wp\/v2\/users\/1816"}],"replies":[{"embeddable":true,"href":"https:\/\/linitiative.ca\/International\/wp-json\/wp\/v2\/comments?post=146403"}],"version-history":[{"count":0,"href":"https:\/\/linitiative.ca\/International\/wp-json\/wp\/v2\/posts\/146403\/revisions"}],"wp:attachment":[{"href":"https:\/\/linitiative.ca\/International\/wp-json\/wp\/v2\/media?parent=146403"}],"wp:term":[{"taxonomy":"category","embeddable":true,"href":"https:\/\/linitiative.ca\/International\/wp-json\/wp\/v2\/categories?post=146403"},{"taxonomy":"post_tag","embeddable":true,"href":"https:\/\/linitiative.ca\/International\/wp-json\/wp\/v2\/tags?post=146403"}],"curies":[{"name":"wp","href":"https:\/\/api.w.org\/{rel}","templated":true}]}}