{"id":146405,"date":"2022-04-26T13:30:08","date_gmt":"2022-04-26T17:30:08","guid":{"rendered":"https:\/\/linitiative.ca\/International\/pouvoir-judiciaire-le-chef-de-letat-echange-avec-le-conseil-superieur-de-la-magistrature\/"},"modified":"2022-04-26T13:30:08","modified_gmt":"2022-04-26T17:30:08","slug":"pouvoir-judiciaire-le-chef-de-letat-echange-avec-le-conseil-superieur-de-la-magistrature","status":"publish","type":"post","link":"https:\/\/linitiative.ca\/International\/pouvoir-judiciaire-le-chef-de-letat-echange-avec-le-conseil-superieur-de-la-magistrature\/","title":{"rendered":"Pouvoir judiciaire : le Chef de l\u2019Etat \u00e9change avec le Conseil sup\u00e9rieur de la Magistrature"},"content":{"rendered":"<div>\n<p>Le Pr\u00e9sident du Faso, le Lieutenant-colonel Paul-Henri Sandaogo DAMIBA, a re\u00e7u en audience, ce mardi 26 avril en fin de matin\u00e9e, une d\u00e9l\u00e9gation du Conseil sup\u00e9rieur de la Magistrature (CSM).<\/p>\n<p>Selon le chef de la d\u00e9l\u00e9gation, Mazob\u00e9 Jean Kond\u00e9, pr\u00e9sident du CSM, il s\u2019agit d\u2019une rencontre de prise de contact.<\/p>\n<p>\u00ab C\u2019est une audience qui est la toute premi\u00e8re, le tout premier contact formel entre le Conseil sup\u00e9rieur de la Magistrature et le Pr\u00e9sident du Faso qui, selon la Constitution, est le garant de l\u2019ind\u00e9pendance du pouvoir judiciaire \u00bb, a indiqu\u00e9 le Pr\u00e9sident du CSM.<\/p>\n<p>Cette rencontre s\u2019inscrit dans l\u2019ordre normal du fonctionnement des institutions, \u00ab \u00e9tant entendu que la loi fondamentale de notre pays pr\u00e9voit m\u00eame des rencontres p\u00e9riodiques avec le Pr\u00e9sident du Faso en sa qualit\u00e9 de garant et le Conseil sup\u00e9rieur de la Magistrature \u00bb, a soulign\u00e9 Mazob\u00e9 Jean Kond\u00e9.<\/p>\n<p>Il a \u00e9galement expliqu\u00e9 que le Pr\u00e9sident du Faso et le Conseil sup\u00e9rieur de la Magistrature sont appel\u00e9s \u00e0 coop\u00e9rer sur un certain nombre de th\u00e9matiques.<\/p>\n<p><strong>Source\u00a0: Direction de la Communication de la Pr\u00e9sidence du Faso<\/strong><\/p>\n<p>L\u2019article <a rel=\"nofollow\" href=\"https:\/\/www.sidwaya.info\/blog\/2022\/04\/26\/pouvoir-judiciaire-le-chef-de-letat-echange-avec-le-conseil-superieur-de-la-magistrature\/\">Pouvoir judiciaire : le Chef de l\u2019Etat \u00e9change avec le Conseil sup\u00e9rieur de la Magistrature<\/a> est apparu en premier sur <a rel=\"nofollow\" href=\"https:\/\/www.sidwaya.info\/\">Quotidien Sidwaya<\/a>.<\/p>\n<\/div>\n<p>Auteur: Wamini SIDWAYA<br \/>\n<a href=\"https:\/\/www.sidwaya.info\/blog\/2022\/04\/26\/pouvoir-judiciaire-le-chef-de-letat-echange-avec-le-conseil-superieur-de-la-magistrature\/?utm_source=rss&#038;utm_medium=rss&#038;utm_campaign=pouvoir-judiciaire-le-chef-de-letat-echange-avec-le-conseil-superieur-de-la-magistrature\">Cliquez ici pour lire l&rsquo;article depuis sa source.<\/a><\/p>\n","protected":false},"excerpt":{"rendered":"<p>Le Pr\u00e9sident du Faso, le Lieutenant-colonel Paul-Henri Sandaogo DAMIBA, a re\u00e7u en audience, ce mardi 26 avril en fin de matin\u00e9e, une d\u00e9l\u00e9gation du Conseil sup\u00e9rieur de la Magistrature (CSM). Selon le chef de la d\u00e9l\u00e9gation, Mazob\u00e9 Jean Kond\u00e9, pr\u00e9sident du CSM, il s\u2019agit d\u2019une rencontre de prise de contact. \u00ab C\u2019est une audience qui [&hellip;]<\/p>\n","protected":false},"author":1816,"featured_media":0,"comment_status":"closed","ping_status":"closed","sticky":false,"template":"","format":"standard","meta":{"fifu_image_url":"","fifu_image_alt":"","footnotes":""},"categories":[73,81],"tags":[],"class_list":["post-146405","post","type-post","status-publish","format-standard","hentry","category-actualite","category-burkina-faso"],"_links":{"self":[{"href":"https:\/\/linitiative.ca\/International\/wp-json\/wp\/v2\/posts\/146405","targetHints":{"allow":["GET"]}}],"collection":[{"href":"https:\/\/linitiative.ca\/International\/wp-json\/wp\/v2\/posts"}],"about":[{"href":"https:\/\/linitiative.ca\/International\/wp-json\/wp\/v2\/types\/post"}],"author":[{"embeddable":true,"href":"https:\/\/linitiative.ca\/International\/wp-json\/wp\/v2\/users\/1816"}],"replies":[{"embeddable":true,"href":"https:\/\/linitiative.ca\/International\/wp-json\/wp\/v2\/comments?post=146405"}],"version-history":[{"count":0,"href":"https:\/\/linitiative.ca\/International\/wp-json\/wp\/v2\/posts\/146405\/revisions"}],"wp:attachment":[{"href":"https:\/\/linitiative.ca\/International\/wp-json\/wp\/v2\/media?parent=146405"}],"wp:term":[{"taxonomy":"category","embeddable":true,"href":"https:\/\/linitiative.ca\/International\/wp-json\/wp\/v2\/categories?post=146405"},{"taxonomy":"post_tag","embeddable":true,"href":"https:\/\/linitiative.ca\/International\/wp-json\/wp\/v2\/tags?post=146405"}],"curies":[{"name":"wp","href":"https:\/\/api.w.org\/{rel}","templated":true}]}}