{"id":146416,"date":"2022-04-26T06:02:42","date_gmt":"2022-04-26T10:02:42","guid":{"rendered":"https:\/\/linitiative.ca\/International\/filiere-bovine-vers-une-baisse-de-la-production-au-2e-trimestre-2022-a-cause-de-la-secheresse\/"},"modified":"2022-04-26T06:02:42","modified_gmt":"2022-04-26T10:02:42","slug":"filiere-bovine-vers-une-baisse-de-la-production-au-2e-trimestre-2022-a-cause-de-la-secheresse","status":"publish","type":"post","link":"https:\/\/linitiative.ca\/International\/filiere-bovine-vers-une-baisse-de-la-production-au-2e-trimestre-2022-a-cause-de-la-secheresse\/","title":{"rendered":"Fili\u00e8re bovine\u00a0:\u00a0vers une baisse de la production au 2e trimestre 2022 \u00e0 cause de la s\u00e8cheresse"},"content":{"rendered":"<div>\n<p>Au cours du 2e trimestre 2022, la production bovine au Cameroun devrait conna\u00eetre un fl\u00e9chissement, renseigne la Banque des Etats de l\u2019Afrique centrale (Beac), dans son test pr\u00e9visionnel de conjoncture de la Cemac au premier trimestre 2022, rendu public le 19 avril dernier. L\u2019institution financi\u00e8re sous-r\u00e9gionale scrute les horizons de diff\u00e9rentes branches d\u2019activit\u00e9s dans les six pays de la Communaut\u00e9 \u00e9conomique et mon\u00e9taire de l\u2019Afrique centrale (Cemac) et pr\u00e9sente les anticipations sur l\u2019\u00e9volution pr\u00e9visible de l\u2019activit\u00e9 \u00e9conomique sur le prochain trimestre ainsi que les principaux facteurs explicatifs. Au sein de la fili\u00e8re bovine, la Beac croit savoir que la production pourrait \u00eatre plomb\u00e9e par une conjugaison de facteurs, notamment \u00ab la d\u00e9t\u00e9rioration de la qualit\u00e9 des p\u00e2turages et le tarissement des points d\u2019abreuvement qui seront engendr\u00e9s par la s\u00e9cheresse \u00bb, renseigne-t-elle dans son document de 21 pages.<\/p>\n<p><strong>Lire aussi : <a href=\"https:\/\/ecomatin.net\/filiere-bovine-envolee-des-prix-de-la-viande-de-boeuf-malgre-sa-disponibilite\/\" target=\"_blank\" rel=\"noreferrer noopener\">Fili\u00e8re bovine : envol\u00e9e des prix de la viande de boeuf malgr\u00e9 sa disponibilit\u00e9<\/a><\/strong><\/p>\n<p>En effet, les conditions climatiques dans les r\u00e9gions septentrionales du Cameroun au 2e trimestre de l\u2019ann\u00e9e contrastent g\u00e9n\u00e9ralement avec celles de la partie m\u00e9ridionale du pays. Les r\u00e9gions de l\u2019Adamaoua, du Nord et de l\u2019Extr\u00eame-Nord font face \u00e0 la rudesse de la s\u00e8cheresse, tr\u00e8s peu favorable \u00e0 la pratique de l\u2019\u00e9levage bovin. L\u2019activit\u00e9 devrait \u00e9galement \u00eatre plomb\u00e9e par l\u2019ins\u00e9curit\u00e9 ambiante qui s\u00e9vit dans le grand Nord, rench\u00e9rit la Beac. A l\u2019Extr\u00eame-Nord, la guerre contre la secte islamiste Boko Haram pour la pr\u00e9servation de l\u2019int\u00e9grit\u00e9 du territoire camerounais n\u2019est pas de nature \u00e0 garantir la s\u00e9curit\u00e9 aux \u00e9leveurs contraints au nomadisme ; dans l\u2019Adamaoua, le climat d\u2019ins\u00e9curit\u00e9 est caract\u00e9ris\u00e9 par des rapts et surtout le vol de b\u00e9tail. Toute chose susceptible d\u2019assombrir les perspectives \u00e0 court terme de l\u2019\u00e9levage. Et pourtant, la r\u00e9gion de l\u2019Adamaoua pourvoit 38% de la viande bovine consomm\u00e9e sur le territoire camerounais, d\u2019apr\u00e8s des donn\u00e9es r\u00e9v\u00e9l\u00e9es en 2018 par la d\u00e9l\u00e9gation r\u00e9gionale de l\u2019Elevage, des P\u00eaches et Industries animales pour l\u2019Adamaoua.<\/p>\n<p><strong>Lire aussi : <a href=\"https:\/\/ecomatin.net\/filiere-bovine-du-riz-de-la-semry-pour-r-engraisser-les-vaches\/\" target=\"_blank\" rel=\"noreferrer noopener\">Fili\u00e8re bovine : du riz de la Semry pour engraisser les vaches<\/a><\/strong><\/p>\n<p>Le march\u00e9 de la consommation de la viande bovine, d\u00e9j\u00e0 en proie \u00e0 la crise inflationniste g\u00e9n\u00e9ralis\u00e9e, pourrait connaitre de nouveaux rench\u00e9rissements de prix. A Yaound\u00e9, le kilogramme de viande bovine connait une marge \u00e9volutive de 200 FCFA. Les bouchers justifient cette augmentation des prix par une hausse des co\u00fbts du transport entre la partie septentrionale du pays, bassin de l\u2019\u00e9levage bovin et la partie sud du pays. Rappelons que selon une \u00e9tude sur le positionnement strat\u00e9gique des fili\u00e8res viandes et poissons r\u00e9alis\u00e9s par le Bureau de mise \u00e0 niveau (BMN) des entreprises, la production bovine a d\u00e9pass\u00e9 un peu plus de 107 000 tonnes en 2019, surclassant ainsi la volaille qui \u00e9tait alors de 103 331 tonnes.<\/p>\n<p><strong>Lire aussi : <a href=\"https:\/\/ecomatin.net\/la-bad-octroie-55-milliardss-de-f-aux-filieress-piscicole-bovine-et-porcine\/\" target=\"_blank\" rel=\"noreferrer noopener\">La BAD octroie 55 milliards de F aux fili\u00e8res piscicole, bovine et porcine<\/a><\/strong><\/p>\n<p>L\u2019article <a rel=\"nofollow\" href=\"https:\/\/ecomatin.net\/filiere-bovine-vers-une-baisse-de-la-production-au-2e-trimestre-2022-a-cause-de-la-secheresse\/\">Fili\u00e8re bovine\u00a0:\u00a0vers une baisse de la production au 2e trimestre 2022 \u00e0 cause de la s\u00e8cheresse<\/a> est apparu en premier sur <a rel=\"nofollow\" href=\"https:\/\/ecomatin.net\/\">EcoMatin<\/a>.<\/p>\n<\/div>\n<p>Auteur: Yannick KENNE<br \/>\n<a href=\"https:\/\/ecomatin.net\/filiere-bovine-vers-une-baisse-de-la-production-au-2e-trimestre-2022-a-cause-de-la-secheresse\/\">Cliquez ici pour lire l&rsquo;article depuis sa source.<\/a><\/p>\n","protected":false},"excerpt":{"rendered":"<p>Au cours du 2e trimestre 2022, la production bovine au Cameroun devrait conna\u00eetre un fl\u00e9chissement, renseigne la Banque des Etats de l\u2019Afrique centrale (Beac), dans son test pr\u00e9visionnel de conjoncture de la Cemac au premier trimestre 2022, rendu public le 19 avril dernier. L\u2019institution financi\u00e8re sous-r\u00e9gionale scrute les horizons de diff\u00e9rentes branches d\u2019activit\u00e9s dans les [&hellip;]<\/p>\n","protected":false},"author":1969,"featured_media":0,"comment_status":"closed","ping_status":"closed","sticky":false,"template":"","format":"standard","meta":{"fifu_image_url":"","fifu_image_alt":"","footnotes":""},"categories":[82,78],"tags":[],"class_list":["post-146416","post","type-post","status-publish","format-standard","hentry","category-cameroun","category-economie"],"_links":{"self":[{"href":"https:\/\/linitiative.ca\/International\/wp-json\/wp\/v2\/posts\/146416","targetHints":{"allow":["GET"]}}],"collection":[{"href":"https:\/\/linitiative.ca\/International\/wp-json\/wp\/v2\/posts"}],"about":[{"href":"https:\/\/linitiative.ca\/International\/wp-json\/wp\/v2\/types\/post"}],"author":[{"embeddable":true,"href":"https:\/\/linitiative.ca\/International\/wp-json\/wp\/v2\/users\/1969"}],"replies":[{"embeddable":true,"href":"https:\/\/linitiative.ca\/International\/wp-json\/wp\/v2\/comments?post=146416"}],"version-history":[{"count":0,"href":"https:\/\/linitiative.ca\/International\/wp-json\/wp\/v2\/posts\/146416\/revisions"}],"wp:attachment":[{"href":"https:\/\/linitiative.ca\/International\/wp-json\/wp\/v2\/media?parent=146416"}],"wp:term":[{"taxonomy":"category","embeddable":true,"href":"https:\/\/linitiative.ca\/International\/wp-json\/wp\/v2\/categories?post=146416"},{"taxonomy":"post_tag","embeddable":true,"href":"https:\/\/linitiative.ca\/International\/wp-json\/wp\/v2\/tags?post=146416"}],"curies":[{"name":"wp","href":"https:\/\/api.w.org\/{rel}","templated":true}]}}