{"id":146419,"date":"2022-04-26T09:11:27","date_gmt":"2022-04-26T13:11:27","guid":{"rendered":"https:\/\/linitiative.ca\/International\/nominations-a-la-beac-les-scenarios-de-lapres-evou-mekou\/"},"modified":"2022-04-26T09:11:27","modified_gmt":"2022-04-26T13:11:27","slug":"nominations-a-la-beac-les-scenarios-de-lapres-evou-mekou","status":"publish","type":"post","link":"https:\/\/linitiative.ca\/International\/nominations-a-la-beac-les-scenarios-de-lapres-evou-mekou\/","title":{"rendered":"Nominations \u00e0 la Beac\u00a0:\u00a0les sc\u00e9narios de l\u2019apr\u00e8s Evou Mekou"},"content":{"rendered":"<div>\n<p>Il prendra la t\u00eate de la Banque de d\u00e9veloppement des Etats de l\u2019Afrique centrale(Bdeac) dans les prochaines semaines. Mais en attendant, Dieudonn\u00e9 Evou Mekou, 61 ans, continue d\u2019assumer la fonction de Vice-Gouverneur de la Beac. Arriv\u00e9 \u00e0 la banque centrale en 2016, son mandat devait prendre fin au mois d\u2019ao\u00fbt prochain. Tout laisse cependant \u00e0 croire que le poste restera vacant d\u2019ici \u00e0 l\u00e0 ; en attendant un vaste mouvement devant intervenir entre 2022 et 2023 au sein du gouvernement de la Beac.<\/p>\n<p><strong>Rotation<\/strong><\/p>\n<p>Banque Centrale des Etats de la Cemac est en effet compos\u00e9 de 6 membres que sont le Gouverneur, le Vice- Gouverneur, le Secr\u00e9taire G\u00e9n\u00e9ral et 3 Directeurs G\u00e9n\u00e9raux. Chacun de ces membres l\u2019un des Etats de la Cemac et le remplacement \u00e0 chaque fonction du gouvernement se fait sur le principe de rotation par ordre alphab\u00e9tique des Etats membres institu\u00e9 le 17 janvier 2010 \u00e0 Bangui par la Conf\u00e9rence des Chefs d\u2019Etats, sur les cendres du consensus de Fort Lamy. Ils sont nomm\u00e9s par la conf\u00e9rence des chefs d\u2019Etat pour des mandats de 7 ans pour le gouverneur et 6 ans pour les autres, non renouvelables. Abritant le si\u00e8ge de l\u2019institution sous r\u00e9gionale, le Cameroun est d\u2019office exclu du poste de gouverneur qui est rotatif entre les 5 autres Etats. Arriv\u00e9 en 2016 en remplacement de l\u2019\u00e9quato-guin\u00e9en Lucas Abaga Nchama, le tchadien Abbas Mahamat Tolli c\u00e8dera la place en fin 2023 \u00e0 un ressortissant centrafricain. Le poste de vice-gouverneur jusqu\u2019ici occup\u00e9 par le camerounais Dieudonn\u00e9 Evou Mekou, reviendra quant \u00e0 lui un peu plus t\u00f4t, soit en ao\u00fbt 2022, au Congo. Le Cameroun pourrait d\u00e8s lors h\u00e9riter soit du poste de Directeur G\u00e9n\u00e9ral de l\u2019Exploitation soit celui de DG des \u00c9tudes financi\u00e8res et Relations internationales. Le premier est occup\u00e9 par le congolais C\u00e9dric Ondaye Ebauh dont le mandat sera forclos en octobre prochain, et le second par l\u2019\u00e9quato- guin\u00e9en Ivan Bacale Ebe Molina, en fin de mandat dans 3 mois.<\/p>\n<p><strong>Lire aussi : <a href=\"https:\/\/ecomatin.net\/le-camerounais-dieudonne-evou-mekou-nomme-president-de-la-bdeac\/\" target=\"_blank\" rel=\"noreferrer noopener\">Le Camerounais Dieudonn\u00e9 Evou Mekou nomm\u00e9 Pr\u00e9sident de la BDEAC<\/a><\/strong><\/p>\n<p>Le poste de Secr\u00e9taire G\u00e9n\u00e9ral est hors de port\u00e9e pour le Cameroun actuellement occup\u00e9 par le gabonais D\u00e9sir\u00e9 Guedon dont le mandat n\u2019expire qu\u2019en f\u00e9vrier 2023. Le centrafricain Bienvenu Marius Roosevelt Feimonazoui actuel Directeur G\u00e9n\u00e9ral du Contr\u00f4le g\u00e9n\u00e9ral ne devrait lib\u00e9rer le poste qu\u2019apr\u00e8s la nomination de son compatriote (ou de lui-m\u00eame) en tant que gouverneur. La direction du contr\u00f4le g\u00e9n\u00e9ral reviendra alors \u00e0 un ressortissant tchadien.<\/p>\n<p><strong>Eug\u00e8ne Blaise Nsom, le favori<\/strong><\/p>\n<p>Pour repr\u00e9senter son\u00a0\u00a0pays dans gouvernement de la Beac, il faut \u00eatre particuli\u00e8rement cot\u00e9 au sein de l\u2019appareil politico administratif. Au Cameroun, le nom d\u2019Eug\u00e8ne Blaise Nsom revient de plus en plus comme le successeur de Dieudonn\u00e9 Evou Mekou \u00e0 la banque centrale. Le Directeur de la Beac nationale pour le Cameroun a r\u00e9cemment \u00e9t\u00e9 au centre d\u2019un \u00e9change \u00e9pistolaire entre le gouverneur de la Beac et le ministre des finances autour de son maintien ou non au sein de la repr\u00e9sentation nationale de l\u2019institution bancaire. Pendant qu\u2019Abbas Mahamat Tolli excipait de l\u2019\u00e2ge de d\u00e9part \u00e0 la retraite d\u2019Eug\u00e8ne Blaise Nsom pour le d\u00e9mettre de ses fonctions, Louis Paul Motaze sollicitait son maintien une ann\u00e9e de plus. M\u00eame si finalement, tout \u00e9tait rentr\u00e9 dans l\u2019ordre et le 1er f\u00e9vrier 2022, Eug\u00e8ne Balise Nsom avait \u00e9t\u00e9 r\u00e9tabli dans ses fonctions pour \u00ab une p\u00e9riode de six mois \u00bb, il n\u2019est pas exclu que le tout premier directeur g\u00e9n\u00e9ral du Tr\u00e9sor et de la Coop\u00e9ration financi\u00e8re et mon\u00e9taire au Minfi soit juste en transit dans ce fauteuil. L\u2019acharnement pour le maintenir en fonction, donc au contact des institutions mon\u00e9taires et financi\u00e8res de la sous-r\u00e9gion, m\u00eame pour une courte p\u00e9riode, sorte de gentlemen agreement, peut cacher une volont\u00e9 des autorit\u00e9s camerounaises de pr\u00e9senter, le moment venu sa candidature au poste qui sera pr\u00e9vu pour le Cameroun au sein du gouvernement de la Banque centrale.<\/p>\n<p><strong>Lire aussi : <a href=\"https:\/\/ecomatin.net\/presidence-de-la-bdeac-la-bataille-des-s-favoris\/\" target=\"_blank\" rel=\"noreferrer noopener\">Pr\u00e9sidence de la Bdeac : la bataille des favoris\u00a0<\/a><\/strong><\/p>\n<p>Les \u00e9loges du ministre des Finances \u00e0 son endroit sont la preuve que l\u2019homme b\u00e9n\u00e9ficie \u00e0 n\u2019en pas douter de la confiance des autorit\u00e9s locales : \u201cLes autorit\u00e9s camerounaises appr\u00e9cient les qualit\u00e9s professionnelles et humaines de Monsieur Blaise Eug\u00e8ne Nsom. Sa collaboration et ses contributions \u00e0 l\u2019\u00e9laboration des r\u00e9formes des finances publiques, notamment dans le cadre des programmes \u00e9conomiques et financiers men\u00e9s avec le FMI sont capitales. \u00c0 cet \u00e9gard, il a toujours fait preuve de proactivit\u00e9 et de c\u00e9l\u00e9rit\u00e9 dans le traitement des dossiers \u00e0 lui confi\u00e9s\u201d reconna\u00eet Louis Paul Motaze.<\/p>\n<p><strong>Lire aussi : <a href=\"https:\/\/ecomatin.net\/eugene-nsom-reconduit-pour-6-mois-a-la-tete-de-la-beac-cameroun\/\" target=\"_blank\" rel=\"noreferrer noopener\">Eug\u00e8ne Nsom reconduit pour 6 mois \u00e0 la t\u00eate de la Beac Cameroun<\/a><\/strong><\/p>\n<p>Eug\u00e8ne Blaise Nsom pourrait ainsi h\u00e9riter du poste de vice-gouverneur de mani\u00e8re int\u00e9rimaire pendant 3 mois et voire m\u00eame plus, si la conf\u00e9rence des chefs d\u2019Etats d\u00e9cide qu\u2019il accompagnera le gouverneur jusqu\u2019\u00e0 la fin de son mandat. Il pourra par la suite demeurer au sein de l\u2019institution \u00e0 l\u2019un des postes de Directeur G\u00e9n\u00e9ral pr\u00e9vu pour le Cameroun. Pour le remplacer \u00e0 la direction nationale, plusieurs profils sont avanc\u00e9s. Mais celui qui semble \u00eatre le plus probable est celui d\u2019Ahmadou Abdoulaye, l\u2019actuel Directeur des \u00e9tudes et de la recherche \u00e0 la Beac. D\u2019autres noms comme Lengue Kuoh et Pierre Emmanuel Ayissi, respectivement directeurs des agences Beac de Limb\u00e9 et de Douala circulent \u00e9galement dans les couloirs de l\u2019institution. Ils avaient d\u00e9j\u00e0 \u00e9t\u00e9 propos\u00e9s pour ce poste par le gouverneur. Henri Ikori \u00e0 Yombo, actuel conseiller d\u2019Abbas Mahamat Tolli n\u2019est pas exclu de ces mouvements. Discret, celui qui assure le suivi de la R\u00e8glementation des changes \u00e0 la Beac est annonc\u00e9 \u00e0 la t\u00eate de l\u2019une des directions centrales de l\u2019institut d\u2019\u00e9mission.<\/p>\n<p>L\u2019article <a rel=\"nofollow\" href=\"https:\/\/ecomatin.net\/nominations-a-la-beac-les-scenarios-s-de-lapres-evou-mekou\/\">Nominations \u00e0 la Beac\u00a0:\u00a0les sc\u00e9narios de l\u2019apr\u00e8s Evou Mekou<\/a> est apparu en premier sur <a rel=\"nofollow\" href=\"https:\/\/ecomatin.net\/\">EcoMatin<\/a>.<\/p>\n<\/div>\n<p>Auteur: Cedrick JIONGO<br \/>\n<a href=\"https:\/\/ecomatin.net\/nominations-a-la-beac-les-scenarios-s-de-lapres-evou-mekou\/\">Cliquez ici pour lire l&rsquo;article depuis sa source.<\/a><\/p>\n","protected":false},"excerpt":{"rendered":"<p>Il prendra la t\u00eate de la Banque de d\u00e9veloppement des Etats de l\u2019Afrique centrale(Bdeac) dans les prochaines semaines. Mais en attendant, Dieudonn\u00e9 Evou Mekou, 61 ans, continue d\u2019assumer la fonction de Vice-Gouverneur de la Beac. Arriv\u00e9 \u00e0 la banque centrale en 2016, son mandat devait prendre fin au mois d\u2019ao\u00fbt prochain. Tout laisse cependant \u00e0 [&hellip;]<\/p>\n","protected":false},"author":1969,"featured_media":0,"comment_status":"closed","ping_status":"closed","sticky":false,"template":"","format":"standard","meta":{"fifu_image_url":"","fifu_image_alt":"","footnotes":""},"categories":[82,78],"tags":[],"class_list":["post-146419","post","type-post","status-publish","format-standard","hentry","category-cameroun","category-economie"],"_links":{"self":[{"href":"https:\/\/linitiative.ca\/International\/wp-json\/wp\/v2\/posts\/146419","targetHints":{"allow":["GET"]}}],"collection":[{"href":"https:\/\/linitiative.ca\/International\/wp-json\/wp\/v2\/posts"}],"about":[{"href":"https:\/\/linitiative.ca\/International\/wp-json\/wp\/v2\/types\/post"}],"author":[{"embeddable":true,"href":"https:\/\/linitiative.ca\/International\/wp-json\/wp\/v2\/users\/1969"}],"replies":[{"embeddable":true,"href":"https:\/\/linitiative.ca\/International\/wp-json\/wp\/v2\/comments?post=146419"}],"version-history":[{"count":0,"href":"https:\/\/linitiative.ca\/International\/wp-json\/wp\/v2\/posts\/146419\/revisions"}],"wp:attachment":[{"href":"https:\/\/linitiative.ca\/International\/wp-json\/wp\/v2\/media?parent=146419"}],"wp:term":[{"taxonomy":"category","embeddable":true,"href":"https:\/\/linitiative.ca\/International\/wp-json\/wp\/v2\/categories?post=146419"},{"taxonomy":"post_tag","embeddable":true,"href":"https:\/\/linitiative.ca\/International\/wp-json\/wp\/v2\/tags?post=146419"}],"curies":[{"name":"wp","href":"https:\/\/api.w.org\/{rel}","templated":true}]}}