{"id":146421,"date":"2022-04-27T08:00:33","date_gmt":"2022-04-27T12:00:33","guid":{"rendered":"https:\/\/linitiative.ca\/International\/propriete-industrielle-le-maroc-entend-proteger-ses-marques-selon-ryad-mezzour\/"},"modified":"2022-04-27T08:00:33","modified_gmt":"2022-04-27T12:00:33","slug":"propriete-industrielle-le-maroc-entend-proteger-ses-marques-selon-ryad-mezzour","status":"publish","type":"post","link":"https:\/\/linitiative.ca\/International\/propriete-industrielle-le-maroc-entend-proteger-ses-marques-selon-ryad-mezzour\/","title":{"rendered":"Propri\u00e9t\u00e9 industrielle : Le Maroc entend prot\u00e9ger ses marques,  selon Ryad Mezzour"},"content":{"rendered":"<div>\n<p><img decoding=\"async\" width=\"300\" height=\"153\" src=\"https:\/\/linitiative.ca\/International\/wp-content\/uploads\/sites\/23\/2022\/04\/Ompic-ProprieCC81teCC81-industrielle-300x153-1.jpg\" class=\"attachment-medium size-medium wp-post-image\" alt=\"\" loading=\"lazy\" srcset=\"https:\/\/linitiative.ca\/International\/wp-content\/uploads\/sites\/23\/2022\/04\/Ompic-ProprieCC81teCC81-industrielle-300x153-1.jpg 300w, https:\/\/aujourdhui.ma\/wp-content\/uploads\/2022\/04\/Ompic-Proprie\u0301te\u0301-industrielle--274x140.jpg 274w, https:\/\/aujourdhui.ma\/wp-content\/uploads\/2022\/04\/Ompic-Proprie\u0301te\u0301-industrielle-.jpg 746w, https:\/\/aujourdhui.ma\/wp-content\/uploads\/2022\/04\/Ompic-Proprie\u0301te\u0301-industrielle--165x84.jpg 165w, https:\/\/aujourdhui.ma\/wp-content\/uploads\/2022\/04\/Ompic-Proprie\u0301te\u0301-industrielle--702x358.jpg 702w\" sizes=\"auto, (max-width: 300px) 100vw, 300px\"><\/p>\n<p><span style=\"font-size: 20px; color: #800000;\"><strong>Le progr\u00e8s passe par la valorisation et la protection de l\u2019innovation. Plus qu\u2019un dispositif de protection, la propri\u00e9t\u00e9 intellectuelle accorde \u00e0 son d\u00e9tenteur la reconnaissance et la possibilit\u00e9 de conserver le plein usage de son innovation.<\/strong><\/span><span id=\"more-406353\"><\/span><\/p>\n<p>Elle permet de pr\u00e9server et de valoriser les actifs immat\u00e9riels et constitue un v\u00e9ritable atout sur le plan \u00e9conomique et commercial. Cette prise de conscience s\u2019installe de plus en plus en raison des multiples tentatives d\u2019appropriation ou d\u2019imitation des produits marocains un peu partout dans le monde. \u00abNous commen\u00e7ons \u00e0 avoir des inventions, des brevets, des id\u00e9es et des marques que nous souhaitons prot\u00e9ger\u00bb, souligne Ryad Mezzour, ministre de l\u2019industrie et du commerce, lors de la rencontre tenue le 26 avril 2022 \u00e0 Casablanca, \u00e0 l\u2019occasion de la journ\u00e9e mondiale de la propri\u00e9t\u00e9 intellectuelle. Organis\u00e9 par le minist\u00e8re de l\u2019industrie et du commerce, l\u2019Office marocain de la propri\u00e9t\u00e9 industrielle et commerciale (OMPIC) et la Fondation de recherche, de d\u00e9veloppement et d\u2019innovation en sciences et ing\u00e9nierie (FRDISI), cet \u00e9v\u00e8nement a pour th\u00e8me \u00abLa propri\u00e9t\u00e9 industrielle au service de l\u2019innovation et la cr\u00e9ativit\u00e9 et levier de la relance \u00e9conomique et industrielle du Maroc\u00bb.<\/p>\n<p>D\u2019embl\u00e9e, Ryad Mezzour a mis l\u2019accent sur la dynamique de cr\u00e9ativit\u00e9 qui s\u2019est enclench\u00e9e lors de la p\u00e9riode Covid-19 et de la capacit\u00e9 pour le Maroc de former des ing\u00e9nieurs dont la comp\u00e9tence attire les entreprises \u00e0 l\u2019international. Pour limiter la fuite des cerveaux, le Maroc s\u2019investit de plus en plus dans des partenariats gagnant-gagnant. Il explique \u00e0 cet \u00e9gard qu\u2019actuellement \u00ab30 \u00e0 40% des postes cr\u00e9\u00e9s dans l\u2019offshoring sont dans la recherche &amp; d\u00e9veloppement. Casanearshore par exemple est la 12\u00e8me destination mondiale en termes de R&amp;D\u00bb. De son c\u00f4t\u00e9 Younes Sekkouri, ministre de l\u2019inclusion \u00e9conomique, de la petite entreprise, de l\u2019emploi et des comp\u00e9tences, a soulign\u00e9 : \u00abPour tous les pays qui se sont d\u00e9velopp\u00e9s, la propri\u00e9t\u00e9 intellectuelle a \u00e9t\u00e9 un facteur important. Car en d\u00e9finitive si vous ne prot\u00e9gez pas l\u2019effort intellectuel que font les entrepreneurs, vous remettez en p\u00e9ril forc\u00e9ment un bloc important du business model\u00bb.<\/p>\n<p>Concentrant une grande part de l\u2019\u00e9conomie nationale, la r\u00e9gion de Casablanca-Settat conna\u00eet une croissance importante des brevets d\u2019invention et de cr\u00e9ation d\u2019entreprises. Intervenant dans ce sens, Abdelatif Maazouz, pr\u00e9sident du Conseil de la R\u00e9gion Casablanca-Settat, a appel\u00e9 l\u2019ensemble des r\u00e9gions \u00e0 consacrer dans un premier temps au moins 5% de leur budget \u00e0 la R&amp;D assurant que la r\u00e9gion Casablanca-Settat sera la premi\u00e8re \u00e0 souscrire \u00e0 un fonds r\u00e9gional sur la recherche &amp; d\u00e9veloppement s\u2019il est mis en place. Dans l\u2019accompagnement des acteurs \u00e9conomiques nationaux pour la protection et la valorisation des actifs de la propri\u00e9t\u00e9 industrielle et commerciale, l\u2019OMPIC joue un r\u00f4le central. En 2021 plus de 17.800 marques ont \u00e9t\u00e9 accompagn\u00e9es par l\u2019OMPIC enregistrant une progression de 16%, affirme Abdelaziz Babqiqi, directeur g\u00e9n\u00e9ral de l\u2019OMPIC.<\/p>\n<p>L\u2019Office met en place un ensemble d\u2019offres en ligne (e-services, e-informations, e-d\u00e9marches) au profit des entreprises. A cela s\u2019ajoute la IP Market Place qui est un projet en phase de finalisation. Il s\u2019agit d\u2019une plateforme qui rassemble les brevets d\u2019invention \u00e0 l\u2019international qui sont libres d\u2019exploitation et les mettre \u00e0 la disposition des investisseurs. Cet \u00e9v\u00e9nement a \u00e9t\u00e9 marqu\u00e9 par la signature par l\u2019OMPIC de quatre conventions. La premi\u00e8re a \u00e9t\u00e9 conclue avec le Centre r\u00e9gional d\u2019investissement de la r\u00e9gion Casablanca-Settat, la deuxi\u00e8me avec la Chambre fran\u00e7aise de commerce et d\u2019industrie du Maroc, la troisi\u00e8me avec Moroccan Information Technopark Company, et la quatri\u00e8me a \u00e9t\u00e9 act\u00e9e avec l\u2019Organisation professionnelle des comptables agr\u00e9\u00e9s du Maroc.<\/p>\n<p>L\u2019objectif \u00e9tant de mettre en \u0153uvre divers programmes pour la promotion de la propri\u00e9t\u00e9 industrielle et commerciale. Par ailleurs, une caravane de la propri\u00e9t\u00e9 industrielle a \u00e9t\u00e9 lanc\u00e9e. Elle sillonnera les 12 r\u00e9gions du Maroc du 26 avril au 28 juin 2022 afin de sensibiliser \u00e0 la notion de la propri\u00e9t\u00e9 industrielle et d\u2019encourager les jeunes \u00e0 innover.<\/p>\n<\/div>\n<p>Auteur: Ouchagour Leila<br \/>\n<a href=\"https:\/\/aujourdhui.ma\/economie\/propriete-industrielle-le-maroc-entend-proteger-ses-marques-selon-ryad-mezzour\">Cliquez ici pour lire l&rsquo;article depuis sa source.<\/a><\/p>\n","protected":false},"excerpt":{"rendered":"<p>Le progr\u00e8s passe par la valorisation et la protection de l\u2019innovation. Plus qu\u2019un dispositif de protection, la propri\u00e9t\u00e9 intellectuelle accorde \u00e0 son d\u00e9tenteur la reconnaissance et la possibilit\u00e9 de conserver le plein usage de son innovation. Elle permet de pr\u00e9server et de valoriser les actifs immat\u00e9riels et constitue un v\u00e9ritable atout sur le plan \u00e9conomique [&hellip;]<\/p>\n","protected":false},"author":1759,"featured_media":0,"comment_status":"closed","ping_status":"closed","sticky":false,"template":"","format":"standard","meta":{"fifu_image_url":"https:\/\/aujourdhui.ma\/wp-content\/uploads\/2022\/04\/Ompic-Proprie\u0301te\u0301-industrielle--300x153.jpg","fifu_image_alt":"Propri\u00e9t\u00e9 industrielle : Le Maroc entend prot\u00e9ger ses marques,  selon Ryad Mezzour","footnotes":""},"categories":[73,54],"tags":[],"class_list":["post-146421","post","type-post","status-publish","format-standard","hentry","category-actualite","category-maroc"],"_links":{"self":[{"href":"https:\/\/linitiative.ca\/International\/wp-json\/wp\/v2\/posts\/146421","targetHints":{"allow":["GET"]}}],"collection":[{"href":"https:\/\/linitiative.ca\/International\/wp-json\/wp\/v2\/posts"}],"about":[{"href":"https:\/\/linitiative.ca\/International\/wp-json\/wp\/v2\/types\/post"}],"author":[{"embeddable":true,"href":"https:\/\/linitiative.ca\/International\/wp-json\/wp\/v2\/users\/1759"}],"replies":[{"embeddable":true,"href":"https:\/\/linitiative.ca\/International\/wp-json\/wp\/v2\/comments?post=146421"}],"version-history":[{"count":0,"href":"https:\/\/linitiative.ca\/International\/wp-json\/wp\/v2\/posts\/146421\/revisions"}],"wp:attachment":[{"href":"https:\/\/linitiative.ca\/International\/wp-json\/wp\/v2\/media?parent=146421"}],"wp:term":[{"taxonomy":"category","embeddable":true,"href":"https:\/\/linitiative.ca\/International\/wp-json\/wp\/v2\/categories?post=146421"},{"taxonomy":"post_tag","embeddable":true,"href":"https:\/\/linitiative.ca\/International\/wp-json\/wp\/v2\/tags?post=146421"}],"curies":[{"name":"wp","href":"https:\/\/api.w.org\/{rel}","templated":true}]}}