{"id":146439,"date":"2022-04-27T11:00:29","date_gmt":"2022-04-27T15:00:29","guid":{"rendered":"https:\/\/linitiative.ca\/International\/previsions-meteorologiques-pour-le-jeudi-28-avril-2022\/"},"modified":"2022-04-27T11:00:29","modified_gmt":"2022-04-27T15:00:29","slug":"previsions-meteorologiques-pour-le-jeudi-28-avril-2022","status":"publish","type":"post","link":"https:\/\/linitiative.ca\/International\/previsions-meteorologiques-pour-le-jeudi-28-avril-2022\/","title":{"rendered":"Pr\u00e9visions m\u00e9t\u00e9orologiques pour le jeudi 28 avril 2022"},"content":{"rendered":"<div>\n<div style=\"margin-bottom:20px;\"><img loading=\"lazy\" decoding=\"async\" width=\"750\" height=\"430\" src=\"https:\/\/linitiative.ca\/International\/wp-content\/uploads\/sites\/23\/2022\/04\/mC3A9tC3A9o-3.jpg\" class=\"attachment-post-thumbnail size-post-thumbnail wp-post-image\" alt=\"\" srcset=\"https:\/\/linitiative.ca\/International\/wp-content\/uploads\/sites\/23\/2022\/04\/mC3A9tC3A9o-3.jpg 750w, https:\/\/www.mapmarrakech.ma\/map\/uploads\/2022\/04\/m\u00e9t\u00e9o-3-300x172.jpg 300w\" sizes=\"auto, (max-width: 750px) 100vw, 750px\"><\/div>\n<p>\u2013 Pluies et orages par endroits sur le Rif et le nord de l\u2019Oriental.<\/p>\n<p>\u2013 Ond\u00e9es \u00e9parses sur le Nord-Ouest, le Moyen Atlas et le Sud-Est.<\/p>\n<p>\u2013 Formations brumeuses possibles localement sur les plaines nord et centre.<\/p>\n<p>\u2013 Rafales de vents assez fortes sur le Nord des provinces Sud, les c\u00f4tes Centre et Sud et l\u2019Oriental avec des chasse-poussi\u00e8res par endroits.<\/p>\n<p>\u2013 Temp\u00e9ratures minimales de l\u2019ordre de 02\/08\u00b0C sur l\u2019Atlas, 15\/20\u00b0C sur le Sud Est, le Nord-Ouest et le Sud des provinces sahariennes et de 07\/14\u00b0C partout ailleurs.<\/p>\n<p>-Temp\u00e9ratures du jour en l\u00e9g\u00e8re hausse.<\/p>\n<p>\u2013 Mer belle en M\u00e9diterran\u00e9e, belle \u00e0 peu agit\u00e9e sur le D\u00e9troit, peu agit\u00e9e \u00e0 agit\u00e9e entre Cap Spartel et Safi et agit\u00e9e, devenant agit\u00e9e \u00e0 forte entre Cap Sim et Tarfaya.<\/p>\n<p>The post <a rel=\"nofollow\" href=\"https:\/\/www.mapmarrakech.ma\/fr\/previsions-meteorologiques-pour-le-jeudi-28-avril-2022\/\">Pr\u00e9visions m\u00e9t\u00e9orologiques pour le jeudi 28 avril 2022<\/a> appeared first on <a rel=\"nofollow\" href=\"https:\/\/www.mapmarrakech.ma\/fr\">MapMarrakech<\/a>.<\/p>\n<\/div>\n<p>Auteur: Meriem IGASS<br \/>\n<a href=\"https:\/\/www.mapmarrakech.ma\/fr\/previsions-meteorologiques-pour-le-jeudi-28-avril-2022\/\">Cliquez ici pour lire l&rsquo;article depuis sa source.<\/a><\/p>\n","protected":false},"excerpt":{"rendered":"<p>\u2013 Pluies et orages par endroits sur le Rif et le nord de l\u2019Oriental. \u2013 Ond\u00e9es \u00e9parses sur le Nord-Ouest, le Moyen Atlas et le Sud-Est. \u2013 Formations brumeuses possibles localement sur les plaines nord et centre. \u2013 Rafales de vents assez fortes sur le Nord des provinces Sud, les c\u00f4tes Centre et Sud et [&hellip;]<\/p>\n","protected":false},"author":1788,"featured_media":0,"comment_status":"closed","ping_status":"closed","sticky":false,"template":"","format":"standard","meta":{"fifu_image_url":"https:\/\/www.mapmarrakech.ma\/map\/uploads\/2022\/04\/m\u00e9t\u00e9o-3.jpg","fifu_image_alt":"Pr\u00e9visions m\u00e9t\u00e9orologiques pour le jeudi 28 avril 2022","footnotes":""},"categories":[54,76],"tags":[],"class_list":["post-146439","post","type-post","status-publish","format-standard","hentry","category-maroc","category-regions"],"_links":{"self":[{"href":"https:\/\/linitiative.ca\/International\/wp-json\/wp\/v2\/posts\/146439","targetHints":{"allow":["GET"]}}],"collection":[{"href":"https:\/\/linitiative.ca\/International\/wp-json\/wp\/v2\/posts"}],"about":[{"href":"https:\/\/linitiative.ca\/International\/wp-json\/wp\/v2\/types\/post"}],"author":[{"embeddable":true,"href":"https:\/\/linitiative.ca\/International\/wp-json\/wp\/v2\/users\/1788"}],"replies":[{"embeddable":true,"href":"https:\/\/linitiative.ca\/International\/wp-json\/wp\/v2\/comments?post=146439"}],"version-history":[{"count":0,"href":"https:\/\/linitiative.ca\/International\/wp-json\/wp\/v2\/posts\/146439\/revisions"}],"wp:attachment":[{"href":"https:\/\/linitiative.ca\/International\/wp-json\/wp\/v2\/media?parent=146439"}],"wp:term":[{"taxonomy":"category","embeddable":true,"href":"https:\/\/linitiative.ca\/International\/wp-json\/wp\/v2\/categories?post=146439"},{"taxonomy":"post_tag","embeddable":true,"href":"https:\/\/linitiative.ca\/International\/wp-json\/wp\/v2\/tags?post=146439"}],"curies":[{"name":"wp","href":"https:\/\/api.w.org\/{rel}","templated":true}]}}