{"id":146441,"date":"2022-04-27T13:44:15","date_gmt":"2022-04-27T17:44:15","guid":{"rendered":"https:\/\/linitiative.ca\/International\/letat-des-lieux-de-la-pratique-theatrale-en-debats\/"},"modified":"2022-04-27T13:44:15","modified_gmt":"2022-04-27T17:44:15","slug":"letat-des-lieux-de-la-pratique-theatrale-en-debats","status":"publish","type":"post","link":"https:\/\/linitiative.ca\/International\/letat-des-lieux-de-la-pratique-theatrale-en-debats\/","title":{"rendered":"L\u2019\u00e9tat des lieux de la pratique th\u00e9\u00e2trale en d\u00e9bats"},"content":{"rendered":"<div>\n<div style=\"margin-bottom:20px;\"><img loading=\"lazy\" decoding=\"async\" width=\"750\" height=\"430\" src=\"https:\/\/linitiative.ca\/International\/wp-content\/uploads\/sites\/23\/2022\/04\/essaouira-dC3A9bat-copier.jpg\" class=\"attachment-post-thumbnail size-post-thumbnail wp-post-image\" alt=\"\" srcset=\"https:\/\/linitiative.ca\/International\/wp-content\/uploads\/sites\/23\/2022\/04\/essaouira-dC3A9bat-copier.jpg 750w, https:\/\/www.mapmarrakech.ma\/map\/uploads\/2022\/04\/essaouira-d\u00e9bat-copier-300x172.jpg 300w\" sizes=\"auto, (max-width: 750px) 100vw, 750px\"><\/div>\n<p>Initi\u00e9e par le Centre International de Recherche et de Renforcement des Capacit\u00e9s (CI2RC) relevant de l\u2019Ecole Sup\u00e9rieure de Technologie (EST) d\u2019Essaouira, l\u2019\u00e9tablissement d\u2019\u00e9panouissement artistique et litt\u00e9raire \u00ab\u00a0Hassania 2\u00a0\u00bb, la Fondation Friedrich Naumann et le Conseil provincial, cette rencontre, marqu\u00e9e par la participation de l\u2019acteur Kamal Kadimi, alias \u00ab\u00a0Hdidane\u00a0\u00bb, en tant qu\u2019invit\u00e9 d\u2019honneur, a \u00e9t\u00e9 l\u2019occasion pour les participants d\u2019\u00e9tablir un diagnostic de la situation actuelle de la pratique du th\u00e9\u00e2tre au Maroc en g\u00e9n\u00e9ral, et \u00e0 Essaouira en particulier.<\/p>\n<p>Cette rencontre, organis\u00e9e avec le concours d\u2019associations de la soci\u00e9t\u00e9 civile locale, a \u00e9t\u00e9 aussi l\u2019occasion de mettre en avant le r\u00f4le ind\u00e9niable du th\u00e9\u00e2tre en tant que levier du d\u00e9veloppement humain et social, et de mettre le doigt sur les principaux enjeux et les perspectives de la pratique de ce genre artistique.<\/p>\n<p>Revenant sur sa riche exp\u00e9rience th\u00e9\u00e2trale, M. Kadimi a, \u00e0 cette occasion, expliqu\u00e9 avoir acquis sa \u00ab\u00a0l\u00e9gitimit\u00e9\u00a0\u00bb artistique \u00e0 partir d\u2019Essaouira, qui a \u00e9t\u00e9 le t\u00e9moin de son bapt\u00eame avec le premier r\u00f4le qui lui a \u00e9t\u00e9 confi\u00e9 dans le cadre d\u2019une pi\u00e8ce th\u00e9\u00e2trale.<\/p>\n<p>Le c\u00e9l\u00e8bre com\u00e9dien n\u2019a pas manqu\u00e9 de saluer l\u2019initiative des organisateurs d\u2019offrir cette opportunit\u00e9 afin de d\u00e9battre d\u2019une th\u00e9matique aussi pertinente, relevant que le \u00ab\u00a0P\u00e8re des arts\u00a0\u00bb, qui jouit d\u2019un statut sp\u00e9cial et joue un r\u00f4le des plus d\u00e9terminants au sein de la soci\u00e9t\u00e9, permet de maintenir le lien avec la lecture et l\u2019actualit\u00e9, et de s\u2019auto-d\u00e9velopper.<\/p>\n<p>Pour la pr\u00e9sidente du CI2RC, Mme Kholoud Kahim, cette rencontre intervient dans le cadre d\u2019une s\u00e9rie de soir\u00e9es ramadanesques organis\u00e9es conjointement avec plusieurs partenaires, relevant que le choix de cette th\u00e9matique d\u00e9di\u00e9e \u00e0 la pratique th\u00e9\u00e2trale s\u2019explique par l\u2019apport et le r\u00f4le socio-\u00e9ducatif et d\u2019encadrement que joue le th\u00e9\u00e2tre au sein de la soci\u00e9t\u00e9.<\/p>\n<p>Outre son r\u00f4le dans l\u2019animation de la sc\u00e8ne culturelle ainsi que sa contribution inestimable au changement des comportements des citoyens, \u00e0 la construction de l\u2019individu et \u00e0 l\u2019encadrement des diff\u00e9rentes cat\u00e9gories sociales, le th\u00e9\u00e2tre se veut aussi un v\u00e9ritable moteur de d\u00e9veloppement humain et social local, a-t-elle dit dans une d\u00e9claration \u00e0 M24, la cha\u00eene d\u2019information en continu de la MAP.<\/p>\n<p>De son c\u00f4t\u00e9, le directeur de l\u2019\u00e9tablissement d\u2019\u00e9panouissement artistique et litt\u00e9raire Hassania 2, M. Ahmed Bouma\u00efz, a mis en exergue le choix judicieux de cette th\u00e9matique qui s\u2019inscrit en harmonie avec la notori\u00e9t\u00e9 reconnue d\u2019Essaouira en tant que cit\u00e9 culturelle par excellence, ayant \u00e9rig\u00e9 la culture comme v\u00e9ritable levier de d\u00e9veloppement local.<\/p>\n<p>Partant de la place de choix qu\u2019occupe le th\u00e9\u00e2tre en tant que composante fondamentale de l\u2019activit\u00e9 culturelle, les organisateurs ont ainsi d\u00e9cid\u00e9 de contribuer \u00e0 l\u2019enrichissement du d\u00e9bat autour de la situation de la pratique th\u00e9\u00e2trale et des principales contraintes et enjeux auxquels fait face le \u00ab\u00a0P\u00e8re de arts\u00a0\u00bb actuellement.<\/p>\n<p>Pour leur part, les diff\u00e9rents intervenants ont donn\u00e9 un aper\u00e7u historique sur le th\u00e9\u00e2tre et les \u00e9tapes d\u2019\u00e9volution de sa pratique au Maroc, et \u00e0 Essaouira en particulier, avec un focus notamment sur l\u2019exp\u00e9rience du \u00ab\u00a0th\u00e9\u00e2tre amateurs\u00a0\u00bb.<\/p>\n<p>Ils ont ainsi abord\u00e9 l\u2019\u00e9tat des lieux de la pratique th\u00e9\u00e2trale \u00e0 l\u2019\u00e9chelle nationale, les enjeux et les perspectives de ce genre artistique \u00e0 Essaouira et les aspects esth\u00e9tiques de la repr\u00e9sentation th\u00e9\u00e2trale de la Cit\u00e9 des Aliz\u00e9s, relevant, dans ce sillage, le manque d\u2019une documentation d\u00e9di\u00e9e \u00e0 la pratique th\u00e9\u00e2trale dans la cit\u00e9 des Aliz\u00e9s.<\/p>\n<p>The post <a rel=\"nofollow\" href=\"https:\/\/www.mapmarrakech.ma\/fr\/letat-des-lieux-de-la-pratique-theatrale-en-debats\/\">L\u2019\u00e9tat des lieux de la pratique th\u00e9\u00e2trale en d\u00e9bats<\/a> appeared first on <a rel=\"nofollow\" href=\"https:\/\/www.mapmarrakech.ma\/fr\">MapMarrakech<\/a>.<\/p>\n<\/div>\n<p>Auteur: Meriem IGASS<br \/>\n<a href=\"https:\/\/www.mapmarrakech.ma\/fr\/letat-des-lieux-de-la-pratique-theatrale-en-debats\/\">Cliquez ici pour lire l&rsquo;article depuis sa source.<\/a><\/p>\n","protected":false},"excerpt":{"rendered":"<p>Initi\u00e9e par le Centre International de Recherche et de Renforcement des Capacit\u00e9s (CI2RC) relevant de l\u2019Ecole Sup\u00e9rieure de Technologie (EST) d\u2019Essaouira, l\u2019\u00e9tablissement d\u2019\u00e9panouissement artistique et litt\u00e9raire \u00ab\u00a0Hassania 2\u00a0\u00bb, la Fondation Friedrich Naumann et le Conseil provincial, cette rencontre, marqu\u00e9e par la participation de l\u2019acteur Kamal Kadimi, alias \u00ab\u00a0Hdidane\u00a0\u00bb, en tant qu\u2019invit\u00e9 d\u2019honneur, a \u00e9t\u00e9 l\u2019occasion [&hellip;]<\/p>\n","protected":false},"author":1788,"featured_media":0,"comment_status":"closed","ping_status":"closed","sticky":false,"template":"","format":"standard","meta":{"fifu_image_url":"https:\/\/www.mapmarrakech.ma\/map\/uploads\/2022\/04\/essaouira-d\u00e9bat-copier.jpg","fifu_image_alt":"L\u2019\u00e9tat des lieux de la pratique th\u00e9\u00e2trale en d\u00e9bats","footnotes":""},"categories":[54,76],"tags":[],"class_list":["post-146441","post","type-post","status-publish","format-standard","hentry","category-maroc","category-regions"],"_links":{"self":[{"href":"https:\/\/linitiative.ca\/International\/wp-json\/wp\/v2\/posts\/146441","targetHints":{"allow":["GET"]}}],"collection":[{"href":"https:\/\/linitiative.ca\/International\/wp-json\/wp\/v2\/posts"}],"about":[{"href":"https:\/\/linitiative.ca\/International\/wp-json\/wp\/v2\/types\/post"}],"author":[{"embeddable":true,"href":"https:\/\/linitiative.ca\/International\/wp-json\/wp\/v2\/users\/1788"}],"replies":[{"embeddable":true,"href":"https:\/\/linitiative.ca\/International\/wp-json\/wp\/v2\/comments?post=146441"}],"version-history":[{"count":0,"href":"https:\/\/linitiative.ca\/International\/wp-json\/wp\/v2\/posts\/146441\/revisions"}],"wp:attachment":[{"href":"https:\/\/linitiative.ca\/International\/wp-json\/wp\/v2\/media?parent=146441"}],"wp:term":[{"taxonomy":"category","embeddable":true,"href":"https:\/\/linitiative.ca\/International\/wp-json\/wp\/v2\/categories?post=146441"},{"taxonomy":"post_tag","embeddable":true,"href":"https:\/\/linitiative.ca\/International\/wp-json\/wp\/v2\/tags?post=146441"}],"curies":[{"name":"wp","href":"https:\/\/api.w.org\/{rel}","templated":true}]}}