{"id":146446,"date":"2022-04-27T11:29:24","date_gmt":"2022-04-27T15:29:24","guid":{"rendered":"https:\/\/linitiative.ca\/International\/bmci-au-chevet-de-lassociation-al-jisr\/"},"modified":"2022-04-27T11:29:24","modified_gmt":"2022-04-27T15:29:24","slug":"bmci-au-chevet-de-lassociation-al-jisr","status":"publish","type":"post","link":"https:\/\/linitiative.ca\/International\/bmci-au-chevet-de-lassociation-al-jisr\/","title":{"rendered":"BMCI au chevet de l\u2019Association Al Jisr"},"content":{"rendered":"<div>\n<div class=\"field field-name-body field-type-text-with-summary field-label-hidden\">\n<div class=\"field-items\">\n<div class=\"field-item even\" property=\"content:encoded\">\n<p class=\"rtejustify\">La Fondation BMCI ancre ses engagements envers l\u2019association Al Jisr, en soutenant le lancement d\u2019un bibliobus. Ce dernier vise \u00e0 renforcer les activit\u00e9s de l\u2019association pour le soutien scolaire et l\u2019encouragement des jeunes \u00e0 la lecture. Selon Philippe Dumel, Pr\u00e9sident du Directoire de la BMCI, <em>\u00ab notre soutien au bibliobus s\u2019inscrit au c\u0153ur de notre strat\u00e9gie d\u2019engagement Positive Banking, et dans la continuit\u00e9 de notre volont\u00e9 de contribuer au d\u00e9veloppement durable et responsable au Maroc\u00bb<\/em>.<\/p>\n<\/div>\n<\/div>\n<\/div>\n<\/div>\n<p>Auteur: hgueye<br \/>\n<a href=\"https:\/\/www.leconomiste.com\/flash-infos\/bmci-au-chevet-de-l-association-al-jisr\">Cliquez ici pour lire l&rsquo;article depuis sa source.<\/a><\/p>\n","protected":false},"excerpt":{"rendered":"<p>La Fondation BMCI ancre ses engagements envers l\u2019association Al Jisr, en soutenant le lancement d\u2019un bibliobus. Ce dernier vise \u00e0 renforcer les activit\u00e9s de l\u2019association pour le soutien scolaire et l\u2019encouragement des jeunes \u00e0 la lecture. Selon Philippe Dumel, Pr\u00e9sident du Directoire de la BMCI, \u00ab notre soutien au bibliobus s\u2019inscrit au c\u0153ur de notre [&hellip;]<\/p>\n","protected":false},"author":1763,"featured_media":0,"comment_status":"closed","ping_status":"closed","sticky":false,"template":"","format":"standard","meta":{"fifu_image_url":"","fifu_image_alt":"","footnotes":""},"categories":[78,54],"tags":[],"class_list":["post-146446","post","type-post","status-publish","format-standard","hentry","category-economie","category-maroc"],"_links":{"self":[{"href":"https:\/\/linitiative.ca\/International\/wp-json\/wp\/v2\/posts\/146446","targetHints":{"allow":["GET"]}}],"collection":[{"href":"https:\/\/linitiative.ca\/International\/wp-json\/wp\/v2\/posts"}],"about":[{"href":"https:\/\/linitiative.ca\/International\/wp-json\/wp\/v2\/types\/post"}],"author":[{"embeddable":true,"href":"https:\/\/linitiative.ca\/International\/wp-json\/wp\/v2\/users\/1763"}],"replies":[{"embeddable":true,"href":"https:\/\/linitiative.ca\/International\/wp-json\/wp\/v2\/comments?post=146446"}],"version-history":[{"count":0,"href":"https:\/\/linitiative.ca\/International\/wp-json\/wp\/v2\/posts\/146446\/revisions"}],"wp:attachment":[{"href":"https:\/\/linitiative.ca\/International\/wp-json\/wp\/v2\/media?parent=146446"}],"wp:term":[{"taxonomy":"category","embeddable":true,"href":"https:\/\/linitiative.ca\/International\/wp-json\/wp\/v2\/categories?post=146446"},{"taxonomy":"post_tag","embeddable":true,"href":"https:\/\/linitiative.ca\/International\/wp-json\/wp\/v2\/tags?post=146446"}],"curies":[{"name":"wp","href":"https:\/\/api.w.org\/{rel}","templated":true}]}}