{"id":146447,"date":"2022-04-27T12:15:22","date_gmt":"2022-04-27T16:15:22","guid":{"rendered":"https:\/\/linitiative.ca\/International\/holmarcom-va-racheter-787-de-credit-du-maroc\/"},"modified":"2022-04-27T12:15:22","modified_gmt":"2022-04-27T16:15:22","slug":"holmarcom-va-racheter-787-de-credit-du-maroc","status":"publish","type":"post","link":"https:\/\/linitiative.ca\/International\/holmarcom-va-racheter-787-de-credit-du-maroc\/","title":{"rendered":"Holmarcom va racheter 78,7% de Cr\u00e9dit du Maroc"},"content":{"rendered":"<div>\n<div class=\"field field-name-body field-type-text-with-summary field-label-hidden\">\n<div class=\"field-items\">\n<div class=\"field-item even\" property=\"content:encoded\">\n<p class=\"rtejustify\"><strong><a href=\"https:\/\/www.leconomiste.com\/flash-infos\/holmarcom-proche-de-s-offrir-credit-du-maroc\" target=\"_blank\" rel=\"noopener\"><span style=\"color:#0000FF;\">Comme annonc\u00e9 par L&rsquo;Economiste<\/span><\/a><\/strong>, Holmarcom va racheter Cr\u00e9dit du Maroc. Le Groupe dirig\u00e9 par Mohamed Hassan Bensalah a sign\u00e9\u00a0un accord avec Cr\u00e9dit Agricole S.A. pour l\u2019acquisition de sa participation de 78,7% dans le capital de Cr\u00e9dit du Maroc.<\/p>\n<\/div>\n<\/div>\n<\/div>\n<\/div>\n<p>Auteur: hgueye<br \/>\n<a href=\"https:\/\/www.leconomiste.com\/flash-infos\/holmarcom-va-racheter-78-7-de-credit-du-maroc\">Cliquez ici pour lire l&rsquo;article depuis sa source.<\/a><\/p>\n","protected":false},"excerpt":{"rendered":"<p>Comme annonc\u00e9 par L&rsquo;Economiste, Holmarcom va racheter Cr\u00e9dit du Maroc. Le Groupe dirig\u00e9 par Mohamed Hassan Bensalah a sign\u00e9\u00a0un accord avec Cr\u00e9dit Agricole S.A. pour l\u2019acquisition de sa participation de 78,7% dans le capital de Cr\u00e9dit du Maroc. Auteur: hgueye Cliquez ici pour lire l&rsquo;article depuis sa source.<\/p>\n","protected":false},"author":1763,"featured_media":0,"comment_status":"closed","ping_status":"closed","sticky":false,"template":"","format":"standard","meta":{"fifu_image_url":"","fifu_image_alt":"","footnotes":""},"categories":[78,54],"tags":[],"class_list":["post-146447","post","type-post","status-publish","format-standard","hentry","category-economie","category-maroc"],"_links":{"self":[{"href":"https:\/\/linitiative.ca\/International\/wp-json\/wp\/v2\/posts\/146447","targetHints":{"allow":["GET"]}}],"collection":[{"href":"https:\/\/linitiative.ca\/International\/wp-json\/wp\/v2\/posts"}],"about":[{"href":"https:\/\/linitiative.ca\/International\/wp-json\/wp\/v2\/types\/post"}],"author":[{"embeddable":true,"href":"https:\/\/linitiative.ca\/International\/wp-json\/wp\/v2\/users\/1763"}],"replies":[{"embeddable":true,"href":"https:\/\/linitiative.ca\/International\/wp-json\/wp\/v2\/comments?post=146447"}],"version-history":[{"count":0,"href":"https:\/\/linitiative.ca\/International\/wp-json\/wp\/v2\/posts\/146447\/revisions"}],"wp:attachment":[{"href":"https:\/\/linitiative.ca\/International\/wp-json\/wp\/v2\/media?parent=146447"}],"wp:term":[{"taxonomy":"category","embeddable":true,"href":"https:\/\/linitiative.ca\/International\/wp-json\/wp\/v2\/categories?post=146447"},{"taxonomy":"post_tag","embeddable":true,"href":"https:\/\/linitiative.ca\/International\/wp-json\/wp\/v2\/tags?post=146447"}],"curies":[{"name":"wp","href":"https:\/\/api.w.org\/{rel}","templated":true}]}}