{"id":146449,"date":"2022-04-27T08:21:00","date_gmt":"2022-04-27T12:21:00","guid":{"rendered":"https:\/\/linitiative.ca\/International\/man-city-la-grosse-colere-de-guardiola-contre-mahrez-video\/"},"modified":"2022-04-27T08:21:00","modified_gmt":"2022-04-27T12:21:00","slug":"man-city-la-grosse-colere-de-guardiola-contre-mahrez-video","status":"publish","type":"post","link":"https:\/\/linitiative.ca\/International\/man-city-la-grosse-colere-de-guardiola-contre-mahrez-video\/","title":{"rendered":"Man City : La grosse col\u00e8re de Guardiola contre Mahrez (Vid\u00e9o)"},"content":{"rendered":"<div>Pep Guardiola est sorti de ses gonds contre Riyad Mahrez qui a rat\u00e9 une occasion de tuer le match et d&rsquo;offrir un avantage de 3-0 \u00e0 son \u00e9quipe face au Real Madrid<\/div>\n<p>Auteur:<br \/>\n<a href=\"https:\/\/www.lebuteur.com\/article\/detail?titre=man-city-la-grosse-colere-de-guardiola-contre-mahrez-video&#038;id=102785\">Cliquez ici pour lire l&rsquo;article depuis sa source.<\/a><\/p>\n","protected":false},"excerpt":{"rendered":"<p>Pep Guardiola est sorti de ses gonds contre Riyad Mahrez qui a rat\u00e9 une occasion de tuer le match et d&rsquo;offrir un avantage de 3-0 \u00e0 son \u00e9quipe face au Real Madrid Auteur: Cliquez ici pour lire l&rsquo;article depuis sa source.<\/p>\n","protected":false},"author":1738,"featured_media":0,"comment_status":"closed","ping_status":"closed","sticky":false,"template":"","format":"standard","meta":{"fifu_image_url":"","fifu_image_alt":"","footnotes":""},"categories":[53,75],"tags":[],"class_list":["post-146449","post","type-post","status-publish","format-standard","hentry","category-algerie","category-sport"],"_links":{"self":[{"href":"https:\/\/linitiative.ca\/International\/wp-json\/wp\/v2\/posts\/146449","targetHints":{"allow":["GET"]}}],"collection":[{"href":"https:\/\/linitiative.ca\/International\/wp-json\/wp\/v2\/posts"}],"about":[{"href":"https:\/\/linitiative.ca\/International\/wp-json\/wp\/v2\/types\/post"}],"author":[{"embeddable":true,"href":"https:\/\/linitiative.ca\/International\/wp-json\/wp\/v2\/users\/1738"}],"replies":[{"embeddable":true,"href":"https:\/\/linitiative.ca\/International\/wp-json\/wp\/v2\/comments?post=146449"}],"version-history":[{"count":0,"href":"https:\/\/linitiative.ca\/International\/wp-json\/wp\/v2\/posts\/146449\/revisions"}],"wp:attachment":[{"href":"https:\/\/linitiative.ca\/International\/wp-json\/wp\/v2\/media?parent=146449"}],"wp:term":[{"taxonomy":"category","embeddable":true,"href":"https:\/\/linitiative.ca\/International\/wp-json\/wp\/v2\/categories?post=146449"},{"taxonomy":"post_tag","embeddable":true,"href":"https:\/\/linitiative.ca\/International\/wp-json\/wp\/v2\/tags?post=146449"}],"curies":[{"name":"wp","href":"https:\/\/api.w.org\/{rel}","templated":true}]}}