{"id":146450,"date":"2022-04-27T14:04:00","date_gmt":"2022-04-27T18:04:00","guid":{"rendered":"https:\/\/linitiative.ca\/International\/mehdi-abeid-repond-cash-a-larbitre-francais-qui-a-critique-belmadi\/"},"modified":"2022-04-27T14:04:00","modified_gmt":"2022-04-27T18:04:00","slug":"mehdi-abeid-repond-cash-a-larbitre-francais-qui-a-critique-belmadi","status":"publish","type":"post","link":"https:\/\/linitiative.ca\/International\/mehdi-abeid-repond-cash-a-larbitre-francais-qui-a-critique-belmadi\/","title":{"rendered":"Mehdi Abeid r\u00e9pond cash \u00e0 l&rsquo;arbitre fran\u00e7ais qui a critiqu\u00e9 Belmadi"},"content":{"rendered":"<div>Mehdi Abeid ne s&rsquo;est pas retenu au moment de r\u00e9pondre \u00e0Tony Chapron apr\u00e8s ses propos pol\u00e9miques sur Djamel Belmadi&#8230;<\/div>\n<p>Auteur:<br \/>\n<a href=\"https:\/\/www.lebuteur.com\/article\/detail?titre=mehdi-abeid-repond-cash-a-larbitre-francais-qui-a-critique-belmadi&#038;id=102786\">Cliquez ici pour lire l&rsquo;article depuis sa source.<\/a><\/p>\n","protected":false},"excerpt":{"rendered":"<p>Mehdi Abeid ne s&rsquo;est pas retenu au moment de r\u00e9pondre \u00e0Tony Chapron apr\u00e8s ses propos pol\u00e9miques sur Djamel Belmadi&#8230; Auteur: Cliquez ici pour lire l&rsquo;article depuis sa source.<\/p>\n","protected":false},"author":1738,"featured_media":0,"comment_status":"closed","ping_status":"closed","sticky":false,"template":"","format":"standard","meta":{"fifu_image_url":"","fifu_image_alt":"","footnotes":""},"categories":[53,75],"tags":[],"class_list":["post-146450","post","type-post","status-publish","format-standard","hentry","category-algerie","category-sport"],"_links":{"self":[{"href":"https:\/\/linitiative.ca\/International\/wp-json\/wp\/v2\/posts\/146450","targetHints":{"allow":["GET"]}}],"collection":[{"href":"https:\/\/linitiative.ca\/International\/wp-json\/wp\/v2\/posts"}],"about":[{"href":"https:\/\/linitiative.ca\/International\/wp-json\/wp\/v2\/types\/post"}],"author":[{"embeddable":true,"href":"https:\/\/linitiative.ca\/International\/wp-json\/wp\/v2\/users\/1738"}],"replies":[{"embeddable":true,"href":"https:\/\/linitiative.ca\/International\/wp-json\/wp\/v2\/comments?post=146450"}],"version-history":[{"count":0,"href":"https:\/\/linitiative.ca\/International\/wp-json\/wp\/v2\/posts\/146450\/revisions"}],"wp:attachment":[{"href":"https:\/\/linitiative.ca\/International\/wp-json\/wp\/v2\/media?parent=146450"}],"wp:term":[{"taxonomy":"category","embeddable":true,"href":"https:\/\/linitiative.ca\/International\/wp-json\/wp\/v2\/categories?post=146450"},{"taxonomy":"post_tag","embeddable":true,"href":"https:\/\/linitiative.ca\/International\/wp-json\/wp\/v2\/tags?post=146450"}],"curies":[{"name":"wp","href":"https:\/\/api.w.org\/{rel}","templated":true}]}}