{"id":146451,"date":"2022-04-27T14:09:00","date_gmt":"2022-04-27T18:09:00","guid":{"rendered":"https:\/\/linitiative.ca\/International\/la-federation-gambienne-annonce-avoir-porte-plainte-contre-belmadi\/"},"modified":"2022-04-27T14:09:00","modified_gmt":"2022-04-27T18:09:00","slug":"la-federation-gambienne-annonce-avoir-porte-plainte-contre-belmadi","status":"publish","type":"post","link":"https:\/\/linitiative.ca\/International\/la-federation-gambienne-annonce-avoir-porte-plainte-contre-belmadi\/","title":{"rendered":"La f\u00e9d\u00e9ration gambienne annonce avoir port\u00e9 plainte contre Belmadi"},"content":{"rendered":"<div>La derni\u00e8re sortie du s\u00e9lectionneur national continue de faire parler&#8230;<\/div>\n<p>Auteur:<br \/>\n<a href=\"https:\/\/www.lebuteur.com\/article\/detail?titre=la-federation-gambienne-annonce-avoir-porte-plainte-contre-belmadi&#038;id=102787\">Cliquez ici pour lire l&rsquo;article depuis sa source.<\/a><\/p>\n","protected":false},"excerpt":{"rendered":"<p>La derni\u00e8re sortie du s\u00e9lectionneur national continue de faire parler&#8230; Auteur: Cliquez ici pour lire l&rsquo;article depuis sa source.<\/p>\n","protected":false},"author":1738,"featured_media":0,"comment_status":"closed","ping_status":"closed","sticky":false,"template":"","format":"standard","meta":{"fifu_image_url":"","fifu_image_alt":"","footnotes":""},"categories":[53,75],"tags":[],"class_list":["post-146451","post","type-post","status-publish","format-standard","hentry","category-algerie","category-sport"],"_links":{"self":[{"href":"https:\/\/linitiative.ca\/International\/wp-json\/wp\/v2\/posts\/146451","targetHints":{"allow":["GET"]}}],"collection":[{"href":"https:\/\/linitiative.ca\/International\/wp-json\/wp\/v2\/posts"}],"about":[{"href":"https:\/\/linitiative.ca\/International\/wp-json\/wp\/v2\/types\/post"}],"author":[{"embeddable":true,"href":"https:\/\/linitiative.ca\/International\/wp-json\/wp\/v2\/users\/1738"}],"replies":[{"embeddable":true,"href":"https:\/\/linitiative.ca\/International\/wp-json\/wp\/v2\/comments?post=146451"}],"version-history":[{"count":0,"href":"https:\/\/linitiative.ca\/International\/wp-json\/wp\/v2\/posts\/146451\/revisions"}],"wp:attachment":[{"href":"https:\/\/linitiative.ca\/International\/wp-json\/wp\/v2\/media?parent=146451"}],"wp:term":[{"taxonomy":"category","embeddable":true,"href":"https:\/\/linitiative.ca\/International\/wp-json\/wp\/v2\/categories?post=146451"},{"taxonomy":"post_tag","embeddable":true,"href":"https:\/\/linitiative.ca\/International\/wp-json\/wp\/v2\/tags?post=146451"}],"curies":[{"name":"wp","href":"https:\/\/api.w.org\/{rel}","templated":true}]}}