{"id":146469,"date":"2022-04-27T17:08:39","date_gmt":"2022-04-27T21:08:39","guid":{"rendered":"https:\/\/linitiative.ca\/International\/tunisie-medenine-12-blesses-dans-un-accident-de-la-route\/"},"modified":"2022-04-27T17:08:39","modified_gmt":"2022-04-27T21:08:39","slug":"tunisie-medenine-12-blesses-dans-un-accident-de-la-route","status":"publish","type":"post","link":"https:\/\/linitiative.ca\/International\/tunisie-medenine-12-blesses-dans-un-accident-de-la-route\/","title":{"rendered":"Tunisie \u2013 M\u00e9denine\u00a0: 12 bless\u00e9s dans un accident de la route"},"content":{"rendered":"<div>\n<p>Un grave accident de la route est survenu, ce mercredi apr\u00e8s-midi, sur la route entre M\u00e9denine et Gabes. Il a consist\u00e9 en un violent choc frontal entre une voiture de louage et un poids lourd. L\u2019accident a occasionn\u00e9 des blessures plus ou moins graves chez 12 personnes, dont des enfants, qui ont d\u00fb \u00eatre transf\u00e9r\u00e9s [\u2026]<\/p>\n<p>L\u2019article <a href=\"https:\/\/www.tunisienumerique.com\/tunisie-medenine-12-blesses-dans-un-accident-de-la-route\/\">Tunisie \u2013 M\u00e9denine\u00a0: 12 bless\u00e9s dans un accident de la route<\/a> est apparu en premier sur <a href=\"https:\/\/www.tunisienumerique.com\/\">Tunisie<\/a>.<\/p>\n<\/div>\n<p>Auteur: LM<br \/>\n<a href=\"https:\/\/www.tunisienumerique.com\/tunisie-medenine-12-blesses-dans-un-accident-de-la-route\/\">Cliquez ici pour lire l&rsquo;article depuis sa source.<\/a><\/p>\n","protected":false},"excerpt":{"rendered":"<p>Un grave accident de la route est survenu, ce mercredi apr\u00e8s-midi, sur la route entre M\u00e9denine et Gabes. Il a consist\u00e9 en un violent choc frontal entre une voiture de louage et un poids lourd. L\u2019accident a occasionn\u00e9 des blessures plus ou moins graves chez 12 personnes, dont des enfants, qui ont d\u00fb \u00eatre transf\u00e9r\u00e9s [&hellip;]<\/p>\n","protected":false},"author":1789,"featured_media":0,"comment_status":"closed","ping_status":"closed","sticky":false,"template":"","format":"standard","meta":{"fifu_image_url":"","fifu_image_alt":"","footnotes":""},"categories":[73,55],"tags":[],"class_list":["post-146469","post","type-post","status-publish","format-standard","hentry","category-actualite","category-tunisie"],"_links":{"self":[{"href":"https:\/\/linitiative.ca\/International\/wp-json\/wp\/v2\/posts\/146469","targetHints":{"allow":["GET"]}}],"collection":[{"href":"https:\/\/linitiative.ca\/International\/wp-json\/wp\/v2\/posts"}],"about":[{"href":"https:\/\/linitiative.ca\/International\/wp-json\/wp\/v2\/types\/post"}],"author":[{"embeddable":true,"href":"https:\/\/linitiative.ca\/International\/wp-json\/wp\/v2\/users\/1789"}],"replies":[{"embeddable":true,"href":"https:\/\/linitiative.ca\/International\/wp-json\/wp\/v2\/comments?post=146469"}],"version-history":[{"count":0,"href":"https:\/\/linitiative.ca\/International\/wp-json\/wp\/v2\/posts\/146469\/revisions"}],"wp:attachment":[{"href":"https:\/\/linitiative.ca\/International\/wp-json\/wp\/v2\/media?parent=146469"}],"wp:term":[{"taxonomy":"category","embeddable":true,"href":"https:\/\/linitiative.ca\/International\/wp-json\/wp\/v2\/categories?post=146469"},{"taxonomy":"post_tag","embeddable":true,"href":"https:\/\/linitiative.ca\/International\/wp-json\/wp\/v2\/tags?post=146469"}],"curies":[{"name":"wp","href":"https:\/\/api.w.org\/{rel}","templated":true}]}}