{"id":146478,"date":"2022-04-27T10:22:00","date_gmt":"2022-04-27T14:22:00","guid":{"rendered":"https:\/\/linitiative.ca\/International\/burkina-faso-norbert-toe-nomme-gouverneur-par-interim-de-la-bceao\/"},"modified":"2022-04-27T10:22:00","modified_gmt":"2022-04-27T14:22:00","slug":"burkina-faso-norbert-toe-nomme-gouverneur-par-interim-de-la-bceao","status":"publish","type":"post","link":"https:\/\/linitiative.ca\/International\/burkina-faso-norbert-toe-nomme-gouverneur-par-interim-de-la-bceao\/","title":{"rendered":"Burkina Faso : Norbert Toe nomm\u00e9 gouverneur par int\u00e9rim de la BCEAO"},"content":{"rendered":"<div>\n<p>Le poste de gouverneur de la Banque centrale des \u00c9tats de l\u2019Afrique de l\u2019Ouest (BCEAO) est rest\u00e9 vacant depuis la nomination par le pr\u00e9sident ivoirien de Tiemoko Meyliet Kon\u00e9, vice-pr\u00e9sident de la C\u00f4te d\u2019Ivoire. En son remplacement \u00e0 la t\u00eate de l\u2019institution, le vice-gouverneur de la BCEAO, le Burkinab\u00e8 Norbert To\u00e9 a \u00e9t\u00e9 \u00a0nomm\u00e9 gouverneur par int\u00e9rim de la BCEAO.<\/p>\n<p><strong>\u00a0AK<\/strong><\/p>\n<p><strong>(Source : africa24TV)<\/strong><\/p>\n<p>L\u2019article <a rel=\"nofollow\" href=\"https:\/\/www.sidwaya.info\/blog\/2022\/04\/27\/burkina-faso-norbert-toe-nomme-gouverneur-par-interim-de-la-bceao\/\">Burkina Faso : Norbert Toe nomm\u00e9 gouverneur par int\u00e9rim de la BCEAO<\/a> est apparu en premier sur <a rel=\"nofollow\" href=\"https:\/\/www.sidwaya.info\/\">Quotidien Sidwaya<\/a>.<\/p>\n<\/div>\n<p>Auteur: BS. Sidwaya<br \/>\n<a href=\"https:\/\/www.sidwaya.info\/blog\/2022\/04\/27\/burkina-faso-norbert-toe-nomme-gouverneur-par-interim-de-la-bceao\/?utm_source=rss&#038;utm_medium=rss&#038;utm_campaign=burkina-faso-norbert-toe-nomme-gouverneur-par-interim-de-la-bceao\">Cliquez ici pour lire l&rsquo;article depuis sa source.<\/a><\/p>\n","protected":false},"excerpt":{"rendered":"<p>Le poste de gouverneur de la Banque centrale des \u00c9tats de l\u2019Afrique de l\u2019Ouest (BCEAO) est rest\u00e9 vacant depuis la nomination par le pr\u00e9sident ivoirien de Tiemoko Meyliet Kon\u00e9, vice-pr\u00e9sident de la C\u00f4te d\u2019Ivoire. En son remplacement \u00e0 la t\u00eate de l\u2019institution, le vice-gouverneur de la BCEAO, le Burkinab\u00e8 Norbert To\u00e9 a \u00e9t\u00e9 \u00a0nomm\u00e9 gouverneur [&hellip;]<\/p>\n","protected":false},"author":1816,"featured_media":0,"comment_status":"closed","ping_status":"closed","sticky":false,"template":"","format":"standard","meta":{"fifu_image_url":"","fifu_image_alt":"","footnotes":""},"categories":[73,81],"tags":[],"class_list":["post-146478","post","type-post","status-publish","format-standard","hentry","category-actualite","category-burkina-faso"],"_links":{"self":[{"href":"https:\/\/linitiative.ca\/International\/wp-json\/wp\/v2\/posts\/146478","targetHints":{"allow":["GET"]}}],"collection":[{"href":"https:\/\/linitiative.ca\/International\/wp-json\/wp\/v2\/posts"}],"about":[{"href":"https:\/\/linitiative.ca\/International\/wp-json\/wp\/v2\/types\/post"}],"author":[{"embeddable":true,"href":"https:\/\/linitiative.ca\/International\/wp-json\/wp\/v2\/users\/1816"}],"replies":[{"embeddable":true,"href":"https:\/\/linitiative.ca\/International\/wp-json\/wp\/v2\/comments?post=146478"}],"version-history":[{"count":0,"href":"https:\/\/linitiative.ca\/International\/wp-json\/wp\/v2\/posts\/146478\/revisions"}],"wp:attachment":[{"href":"https:\/\/linitiative.ca\/International\/wp-json\/wp\/v2\/media?parent=146478"}],"wp:term":[{"taxonomy":"category","embeddable":true,"href":"https:\/\/linitiative.ca\/International\/wp-json\/wp\/v2\/categories?post=146478"},{"taxonomy":"post_tag","embeddable":true,"href":"https:\/\/linitiative.ca\/International\/wp-json\/wp\/v2\/tags?post=146478"}],"curies":[{"name":"wp","href":"https:\/\/api.w.org\/{rel}","templated":true}]}}