{"id":146479,"date":"2022-04-27T11:02:25","date_gmt":"2022-04-27T15:02:25","guid":{"rendered":"https:\/\/linitiative.ca\/International\/tuares-recrute-des-enseignants-pour-le-compte-de-lassociation-kalan-sira-kura\/"},"modified":"2022-04-27T11:02:25","modified_gmt":"2022-04-27T15:02:25","slug":"tuares-recrute-des-enseignants-pour-le-compte-de-lassociation-kalan-sira-kura","status":"publish","type":"post","link":"https:\/\/linitiative.ca\/International\/tuares-recrute-des-enseignants-pour-le-compte-de-lassociation-kalan-sira-kura\/","title":{"rendered":"TuaRes recrute  des enseignants pour le compte de l\u2019Association Kalan Sira Kura\u00a0"},"content":{"rendered":"<div>\n<p>TuaRes est une Fondation allemande qui \u0153uvre au Burkina Faso depuis 2012 pour la scolarisation des jeunes filles vuln\u00e9rables.<\/p>\n<p>Depuis la rentr\u00e9e 2021-2022, TuaRes est engag\u00e9e dans la conception et la mise en place d\u2019un projet d\u2019\u00e9cole innovant pour contribuer \u00e0 la qualit\u00e9 du syst\u00e8me \u00e9ducatif burkinab\u00e9. Ce mod\u00e8le s\u2019inspire des approches p\u00e9dagogiques telles qu\u2019appliqu\u00e9es dans les programmes du Baccalaur\u00e9at International et des \u00e9coles Montessori. Il proposera une approche qui cultivera chez l\u2019enfant la curiosit\u00e9 et l\u2019esprit de chercheur, le sens de la responsabilit\u00e9 de soi et d\u2019autrui, la tol\u00e9rance et l\u2019empathie, ainsi que l\u2019amour des sciences et de la nature, des langues, de l\u2019art et de la culture.<\/p>\n<p>Pour la rentr\u00e9e scolaire 2022-2023 elle initiera la cr\u00e9ation d\u2018un nouvel \u00e9tablissement scolaire situ\u00e9 dans la commune rurale de Saaba.<\/p>\n<p>TuaRes recherche les profils suivants pour le compte de l\u2019Association Kalan Sira Kura\u00a0:<\/p>\n<ul>\n<li><strong>Un(e) enseignant(e) du primaire<\/strong><\/li>\n<\/ul>\n<p><strong><u>Charges principales pour l\u2019enseignant(e)<\/u><\/strong>\u00a0:<\/p>\n<ul>\n<li>\u00c9duquer et enseigner \u00e0 l\u2019\u00e9cole Kalan Sira Kura ;<\/li>\n<li>Analyser les r\u00e9sultats scolaires et \u00e9laborer des plans de rem\u00e9diation\u00a0;<\/li>\n<li>Tenir \u00e0 jour un cahier de pr\u00e9paration des cours et un cahier journal\u00a0;<\/li>\n<li>Ex\u00e9cuter les activit\u00e9s p\u00e9ri, para et postscolaires\u00a0;<\/li>\n<li>\u00c9valuer les apprentissages scolaires ou d\u2019\u00e9ducation\u00a0;<\/li>\n<li>Tenir \u00e0 jour les registres et affichages r\u00e8glementaires ou to<a name=\"_Toc152254864\"><\/a>ut autre document administratif\u00a0;<\/li>\n<li>Contribuer \u00e0 la collecte des donn\u00e9es statistiques\u00a0;<\/li>\n<li>Participer \u00e0 la mobilisation sociale\u00a0en faveur de l\u2019\u00e9ducation\u00a0;<\/li>\n<li>Apporter des conseils aux parents et aux communaut\u00e9s en mati\u00e8re de prise en charge socio-\u00e9ducative des jeunes enfants\u00a0;<\/li>\n<li>Participer aux s\u00e9ances de formation en vue du renforcement de ses capacit\u00e9s.<\/li>\n<\/ul>\n<p><strong><u>\u00a0<\/u><\/strong><strong><u>Qualifications requises<\/u><\/strong><strong> <u>pour l\u2019enseignant(e)<\/u><\/strong> :<\/p>\n<ul>\n<li>Avoir l\u2019un de ces dipl\u00f4mes ou \u00e9quivalents\u00a0: Certificat d\u2019Aptitude P\u00e9dagogique (CAP), Certificat El\u00e9mentaire d\u2019Aptitude P\u00e9dagogique (CEAP).<\/li>\n<li>Avoir le niveau acad\u00e9mique\u00a0de licence<\/li>\n<li><strong>deux (02) \u00e9ducateurs\/\u00e9ducatrices de la petite enfance<\/strong><\/li>\n<\/ul>\n<p><strong><u>Charges principales pour les \u00e9ducateurs\/\u00e9ducatrices <\/u><\/strong>:<\/p>\n<ul>\n<li>Ex\u00e9cuter les activit\u00e9s d\u2019encadrement des enfants<\/li>\n<li>Elaborer, mettre en \u0153uvre et \u00e9valuer le projet p\u00e9dagogique pr\u00e9scolaire ou tout autre projet en faveur des jeunes enfants<\/li>\n<li>Contribuer \u00e0 la confection du mat\u00e9riel p\u00e9dagogique et didactique<\/li>\n<li>Assurer l\u2019hygi\u00e8ne des enfants dans les structures d\u2019\u00e9ducation et de protection de la petite enfance<\/li>\n<li>Assurer l\u2019accueil et la permanence dans les structures d\u2019\u00e9ducation et de protection de la petite enfance<\/li>\n<li>Tenir \u00e0 jour un cahier de pr\u00e9paration des activit\u00e9s et un cahier journal<\/li>\n<li>Evaluer les apprentissages des enfants<\/li>\n<li>Tenir \u00e0 jour les registres et affichages r\u00e8glementaires ou tout autre document administratif<\/li>\n<li>Contribuer \u00e0 la collecte des donn\u00e9es statistiques<\/li>\n<li>Assurer les visites \u00e0 domicile des enfants n\u00e9cessitant un appui sp\u00e9cifique<\/li>\n<li>Organiser et animer les activit\u00e9s p\u00e9ri, para et postscolaires<\/li>\n<li>Participer \u00e0 la mobilisation sociale\u00a0en faveur de l\u2019\u00e9ducation<\/li>\n<li>Apporter des conseils aux parents et aux communaut\u00e9s en mati\u00e8re de prise en charge socio-\u00e9ducative des jeunes enfants<\/li>\n<li>Participer aux s\u00e9ances de formation en vue du renforcement de ses capacit\u00e9s.<\/li>\n<\/ul>\n<p><strong><u>Qualifications requises pour les \u00e9ducateurs\/\u00e9ducatrices<\/u><\/strong> :<\/p>\n<ul>\n<li>Avoir le Dipl\u00f4me d\u2019Etat des Educateurs de la Petite Enfance (DEEPE) ou \u00e9quivalent<\/li>\n<li>Avoir le niveau acad\u00e9mique\u00a0de licence<\/li>\n<li><strong>deux assistant(e)s<\/strong><\/li>\n<\/ul>\n<p><strong><u>Charges principales pour les assistant(e)s<\/u><\/strong>:<\/p>\n<ul>\n<li>Assister l\u2019enseignant du primaire ou l\u2019\u00e9ducateur de la petite enfance dans l\u2019ex\u00e9cution de ses activit\u00e9s p\u00e9dagogiques et d\u2019\u00e9ducation<\/li>\n<li>Remplacer, en cas d\u2019absence, l\u2019enseignant du primaire ou l\u2019\u00e9ducateur de la petite enfance dans l\u2019ex\u00e9cution des activit\u00e9s p\u00e9dagogiques et d\u2019\u00e9ducation<\/li>\n<li>Participer \u00e0 l\u2019analyse des r\u00e9sultats scolaires et \u00e0 l\u2019\u00e9laboration des plans de rem\u00e9diation<\/li>\n<li>Apporter un suivi \u00e9ducatif et psychosocial aux enfants en difficult\u00e9s<\/li>\n<li>Contribuer \u00e0 la mise en \u0153uvre des activit\u00e9s socio-\u00e9ducatives<\/li>\n<li>Tenir \u00e0 jour un cahier de pr\u00e9paration des cours et un cahier journal<\/li>\n<li>Participer \u00e0 l\u2019\u00e9valuation des apprentissages scolaires<\/li>\n<li>Participer \u00e0 la mise \u00e0 jour des registres et affichages r\u00e8glementaires ou de tout autre document administratif<\/li>\n<li>Participer \u00e0 la mobilisation sociale\u00a0en faveur de l\u2019\u00e9ducation<\/li>\n<li>Apporter des conseils aux parents et aux communaut\u00e9s en mati\u00e8re de prise en charge socio-\u00e9ducative des jeunes enfants<\/li>\n<li>Participer aux s\u00e9ances de formation en vue du renforcement de ses capacit\u00e9s.<\/li>\n<\/ul>\n<p><strong><u>Qualifications requises pour les assistant(e)s <\/u><\/strong>:<\/p>\n<ul>\n<li>Avoir le dipl\u00f4me de moniteur d\u2019\u00e9ducation de jeunes enfants ou le Certificat \u00e9l\u00e9mentaire d\u2019Aptitude P\u00e9dagogique<\/li>\n<li>Avoir le baccalaur\u00e9at<\/li>\n<\/ul>\n<table>\n<tbody>\n<tr>\n<td width=\"623\"><strong><em><u>Pour tous les postes<\/u><\/em><\/strong><\/p>\n<p><strong><u>\u00a0<\/u><\/strong><strong><u>Exp\u00e9rience professionnelle<\/u><\/strong><strong> :<\/strong><\/p>\n<p>\u2013\u00a0\u00a0\u00a0\u00a0\u00a0\u00a0\u00a0\u00a0\u00a0 Avoir une exp\u00e9rience terrain d\u2019au moins deux ans<\/p>\n<p>\u2013\u00a0\u00a0\u00a0\u00a0\u00a0\u00a0\u00a0\u00a0\u00a0 Avoir une bonne maitrise des TIC<\/p>\n<p>\u2013\u00a0\u00a0\u00a0\u00a0\u00a0\u00a0\u00a0\u00a0\u00a0 Avoir une exp\u00e9rience avec les approches p\u00e9dagogiques innovantes<\/p>\n<p>\u2013\u00a0\u00a0\u00a0\u00a0\u00a0\u00a0\u00a0\u00a0\u00a0 Avoir une bonne maitrise de l\u2019anglais et du fran\u00e7ais<\/p>\n<p><strong><u>\u00a0<\/u><\/strong><strong><u>Autres exigences\u00a0:<\/u><\/strong><\/p>\n<p>\u2013\u00a0\u00a0\u00a0\u00a0\u00a0\u00a0\u00a0\u00a0\u00a0 \u00catre passionn\u00e9 du m\u00e9tier et des \u00e9l\u00e8ves<\/p>\n<p>\u2013\u00a0\u00a0\u00a0\u00a0\u00a0\u00a0\u00a0\u00a0\u00a0 Disposer de strat\u00e9gies d\u2019enseignement apprentissage \u00e9prouv\u00e9es<\/p>\n<p>\u2013\u00a0\u00a0\u00a0\u00a0\u00a0\u00a0\u00a0\u00a0\u00a0 \u00catre travailleur, savoir prendre des initiatives, \u00eatre ouvert<\/p>\n<p>\u2013\u00a0\u00a0\u00a0\u00a0\u00a0\u00a0\u00a0\u00a0\u00a0 Etre pr\u00eat \u00e0 servir et \u00e0 habiter en zone rurale<\/p>\n<p>\u2013\u00a0\u00a0\u00a0\u00a0\u00a0\u00a0\u00a0\u00a0\u00a0 Avoir une excellente capacit\u00e9 r\u00e9dactionnelle et orale en fran\u00e7ais\u00a0;<\/p>\n<p><strong><u>Proc\u00e9dure de soumission de votre candidature<\/u><\/strong><strong>\u00a0:<\/strong><\/p>\n<p>Pour postuler, allez en ligne sur <a href=\"https:\/\/tuares.zohorecruit.eu\/jobs\/Careers\">https:\/\/tuares.zohorecruit.eu\/jobs\/Careers<\/a> et suivez les instructions pour compl\u00e9ter le formulaire accompagn\u00e9 de votre CV et lettre de motivation.\u00a0 <strong>Les demandes seront accept\u00e9es jusqu\u2019au 12 mai 2022. Aucun appel t\u00e9l\u00e9phonique ne sera accept\u00e9<em>.<\/em><\/strong><\/p>\n<table>\n<tbody>\n<tr>\n<td width=\"608\"><strong><u>NB.<\/u><\/strong><strong> :<\/strong><strong> pour les postes d\u2019enseignants et \u00e9ducateurs de la petite enfance,\u00a0le processus de recrutement inclura un test oral en anglais. Pri\u00e8re\u00a0ne postuler que si vous avez une ma\u00eetrise conversationnelle de la langue<\/strong><\/td>\n<\/tr>\n<\/tbody>\n<\/table>\n<\/td>\n<\/tr>\n<\/tbody>\n<\/table>\n<p><strong><u>\u00a0<\/u><\/strong><\/p>\n<p>L\u2019article <a rel=\"nofollow\" href=\"https:\/\/www.sidwaya.info\/blog\/2022\/04\/27\/tuares-recrute-des-enseignants-pour-le-compte-de-lassociation-kalan-sira-kura\/\">TuaRes recrute  des enseignants pour le compte de l\u2019Association Kalan Sira Kura\u00a0<\/a> est apparu en premier sur <a rel=\"nofollow\" href=\"https:\/\/www.sidwaya.info\/\">Quotidien Sidwaya<\/a>.<\/p>\n<\/div>\n<p>Auteur: BS. Sidwaya<br \/>\n<a href=\"https:\/\/www.sidwaya.info\/blog\/2022\/04\/27\/tuares-recrute-des-enseignants-pour-le-compte-de-lassociation-kalan-sira-kura\/?utm_source=rss&#038;utm_medium=rss&#038;utm_campaign=tuares-recrute-des-enseignants-pour-le-compte-de-lassociation-kalan-sira-kura\">Cliquez ici pour lire l&rsquo;article depuis sa source.<\/a><\/p>\n","protected":false},"excerpt":{"rendered":"<p>TuaRes est une Fondation allemande qui \u0153uvre au Burkina Faso depuis 2012 pour la scolarisation des jeunes filles vuln\u00e9rables. Depuis la rentr\u00e9e 2021-2022, TuaRes est engag\u00e9e dans la conception et la mise en place d\u2019un projet d\u2019\u00e9cole innovant pour contribuer \u00e0 la qualit\u00e9 du syst\u00e8me \u00e9ducatif burkinab\u00e9. Ce mod\u00e8le s\u2019inspire des approches p\u00e9dagogiques telles qu\u2019appliqu\u00e9es [&hellip;]<\/p>\n","protected":false},"author":1816,"featured_media":0,"comment_status":"closed","ping_status":"closed","sticky":false,"template":"","format":"standard","meta":{"fifu_image_url":"","fifu_image_alt":"","footnotes":""},"categories":[73,81],"tags":[],"class_list":["post-146479","post","type-post","status-publish","format-standard","hentry","category-actualite","category-burkina-faso"],"_links":{"self":[{"href":"https:\/\/linitiative.ca\/International\/wp-json\/wp\/v2\/posts\/146479","targetHints":{"allow":["GET"]}}],"collection":[{"href":"https:\/\/linitiative.ca\/International\/wp-json\/wp\/v2\/posts"}],"about":[{"href":"https:\/\/linitiative.ca\/International\/wp-json\/wp\/v2\/types\/post"}],"author":[{"embeddable":true,"href":"https:\/\/linitiative.ca\/International\/wp-json\/wp\/v2\/users\/1816"}],"replies":[{"embeddable":true,"href":"https:\/\/linitiative.ca\/International\/wp-json\/wp\/v2\/comments?post=146479"}],"version-history":[{"count":0,"href":"https:\/\/linitiative.ca\/International\/wp-json\/wp\/v2\/posts\/146479\/revisions"}],"wp:attachment":[{"href":"https:\/\/linitiative.ca\/International\/wp-json\/wp\/v2\/media?parent=146479"}],"wp:term":[{"taxonomy":"category","embeddable":true,"href":"https:\/\/linitiative.ca\/International\/wp-json\/wp\/v2\/categories?post=146479"},{"taxonomy":"post_tag","embeddable":true,"href":"https:\/\/linitiative.ca\/International\/wp-json\/wp\/v2\/tags?post=146479"}],"curies":[{"name":"wp","href":"https:\/\/api.w.org\/{rel}","templated":true}]}}