{"id":146480,"date":"2022-04-27T11:25:37","date_gmt":"2022-04-27T15:25:37","guid":{"rendered":"https:\/\/linitiative.ca\/International\/transition-politique-le-burkina-faso-et-la-guinee-demandent-un-delai-supplementaire-par-rapport-a-lecheance-fixe-par-la-cedeao\/"},"modified":"2022-04-27T11:25:37","modified_gmt":"2022-04-27T15:25:37","slug":"transition-politique-le-burkina-faso-et-la-guinee-demandent-un-delai-supplementaire-par-rapport-a-lecheance-fixe-par-la-cedeao","status":"publish","type":"post","link":"https:\/\/linitiative.ca\/International\/transition-politique-le-burkina-faso-et-la-guinee-demandent-un-delai-supplementaire-par-rapport-a-lecheance-fixe-par-la-cedeao\/","title":{"rendered":"Transition politique : Le Burkina Faso et la Guin\u00e9e demandent un d\u00e9lai suppl\u00e9mentaire par rapport \u00e0 l\u2019\u00e9ch\u00e9ance fix\u00e9 par la CEDEAO"},"content":{"rendered":"<div>\n<p style=\"text-align: justify;background: white;margin: 0cm 0cm 19.5pt 0cm\">Le Burkina Faso et la Guin\u00e9e demandent un d\u00e9lai suppl\u00e9mentaire par rapport \u00e0 l\u2019\u00e9ch\u00e9ance fix\u00e9 par la CEDEAO.<\/p>\n<p>\u00a0<\/p>\n<p><img decoding=\"async\" loading=\"lazy\" class=\"alignnone size-full wp-image-48720\" src=\"https:\/\/linitiative.ca\/International\/wp-content\/uploads\/sites\/23\/2022\/04\/Ph-CEDEAO.jpeg\" alt=\"\" width=\"654\" height=\"923\" srcset=\"https:\/\/linitiative.ca\/International\/wp-content\/uploads\/sites\/23\/2022\/04\/Ph-CEDEAO.jpeg 654w, https:\/\/www.sidwaya.info\/wp-content\/uploads\/2022\/04\/Ph-CEDEAO-213x300.jpeg 213w, https:\/\/www.sidwaya.info\/wp-content\/uploads\/2022\/04\/Ph-CEDEAO-150x212.jpeg 150w, https:\/\/www.sidwaya.info\/wp-content\/uploads\/2022\/04\/Ph-CEDEAO-300x423.jpeg 300w, https:\/\/www.sidwaya.info\/wp-content\/uploads\/2022\/04\/Ph-CEDEAO-298x420.jpeg 298w\" sizes=\"auto, (max-width: 654px) 100vw, 654px\"><\/p>\n<p>L\u2019article <a rel=\"nofollow\" href=\"https:\/\/www.sidwaya.info\/blog\/2022\/04\/27\/transition-politique-le-burkina-faso-et-la-guinee-demandent-un-delai-supplementaire-par-rapport-a-lecheance-fixe-par-la-cedeao\/\">Transition politique : Le Burkina Faso et la Guin\u00e9e demandent un d\u00e9lai suppl\u00e9mentaire par rapport \u00e0 l\u2019\u00e9ch\u00e9ance fix\u00e9 par la CEDEAO<\/a> est apparu en premier sur <a rel=\"nofollow\" href=\"https:\/\/www.sidwaya.info\/\">Quotidien Sidwaya<\/a>.<\/p>\n<\/div>\n<p>Auteur: Wamini SIDWAYA<br \/>\n<a href=\"https:\/\/www.sidwaya.info\/blog\/2022\/04\/27\/transition-politique-le-burkina-faso-et-la-guinee-demandent-un-delai-supplementaire-par-rapport-a-lecheance-fixe-par-la-cedeao\/?utm_source=rss&#038;utm_medium=rss&#038;utm_campaign=transition-politique-le-burkina-faso-et-la-guinee-demandent-un-delai-supplementaire-par-rapport-a-lecheance-fixe-par-la-cedeao\">Cliquez ici pour lire l&rsquo;article depuis sa source.<\/a><\/p>\n","protected":false},"excerpt":{"rendered":"<p>Le Burkina Faso et la Guin\u00e9e demandent un d\u00e9lai suppl\u00e9mentaire par rapport \u00e0 l\u2019\u00e9ch\u00e9ance fix\u00e9 par la CEDEAO. \u00a0 L\u2019article Transition politique : Le Burkina Faso et la Guin\u00e9e demandent un d\u00e9lai suppl\u00e9mentaire par rapport \u00e0 l\u2019\u00e9ch\u00e9ance fix\u00e9 par la CEDEAO est apparu en premier sur Quotidien Sidwaya. Auteur: Wamini SIDWAYA Cliquez ici pour lire [&hellip;]<\/p>\n","protected":false},"author":1816,"featured_media":0,"comment_status":"closed","ping_status":"closed","sticky":false,"template":"","format":"standard","meta":{"fifu_image_url":"https:\/\/www.sidwaya.info\/wp-content\/uploads\/2022\/04\/Ph-CEDEAO.jpeg","fifu_image_alt":"Transition politique : Le Burkina Faso et la Guin\u00e9e demandent un d\u00e9lai suppl\u00e9mentaire par rapport \u00e0 l\u2019\u00e9ch\u00e9ance fix\u00e9 par la CEDEAO","footnotes":""},"categories":[73,81],"tags":[],"class_list":["post-146480","post","type-post","status-publish","format-standard","hentry","category-actualite","category-burkina-faso"],"_links":{"self":[{"href":"https:\/\/linitiative.ca\/International\/wp-json\/wp\/v2\/posts\/146480","targetHints":{"allow":["GET"]}}],"collection":[{"href":"https:\/\/linitiative.ca\/International\/wp-json\/wp\/v2\/posts"}],"about":[{"href":"https:\/\/linitiative.ca\/International\/wp-json\/wp\/v2\/types\/post"}],"author":[{"embeddable":true,"href":"https:\/\/linitiative.ca\/International\/wp-json\/wp\/v2\/users\/1816"}],"replies":[{"embeddable":true,"href":"https:\/\/linitiative.ca\/International\/wp-json\/wp\/v2\/comments?post=146480"}],"version-history":[{"count":0,"href":"https:\/\/linitiative.ca\/International\/wp-json\/wp\/v2\/posts\/146480\/revisions"}],"wp:attachment":[{"href":"https:\/\/linitiative.ca\/International\/wp-json\/wp\/v2\/media?parent=146480"}],"wp:term":[{"taxonomy":"category","embeddable":true,"href":"https:\/\/linitiative.ca\/International\/wp-json\/wp\/v2\/categories?post=146480"},{"taxonomy":"post_tag","embeddable":true,"href":"https:\/\/linitiative.ca\/International\/wp-json\/wp\/v2\/tags?post=146480"}],"curies":[{"name":"wp","href":"https:\/\/api.w.org\/{rel}","templated":true}]}}