{"id":146483,"date":"2022-04-27T12:13:17","date_gmt":"2022-04-27T16:13:17","guid":{"rendered":"https:\/\/linitiative.ca\/International\/burkina-le-dg-de-air-burkina-releve-de-ses-fonctions-avec-effet-immediat-conseil-des-ministres\/"},"modified":"2022-04-27T12:13:17","modified_gmt":"2022-04-27T16:13:17","slug":"burkina-le-dg-de-air-burkina-releve-de-ses-fonctions-avec-effet-immediat-conseil-des-ministres","status":"publish","type":"post","link":"https:\/\/linitiative.ca\/International\/burkina-le-dg-de-air-burkina-releve-de-ses-fonctions-avec-effet-immediat-conseil-des-ministres\/","title":{"rendered":"Burkina : Le DG de Air Burkina relev\u00e9 de ses fonctions avec effet imm\u00e9diat (conseil des ministres)"},"content":{"rendered":"<div>\n<p>\u00a0<\/p>\n<p>Le Conseil des ministres a, ce mercredi 27 avril 2022, relev\u00e9 avec effet imm\u00e9diat\u00a0 le directeur g\u00e9n\u00e9ral de la compagnie a\u00e9rienne Air Burkina, Blaise Sanou, de ses fonctions. Selon le porte-parole du gouvernement, Lionel Bilgo, des audits seront faits sur la gestion de l\u2019entreprise. Depuis des ann\u00e9es, Air Burkina est plong\u00e9 les pannes r\u00e9currentes de sa flotte. La semaine derni\u00e8re, un des r\u00e9acteurs d\u2019un avion air Burkina a pris feu sur le tarmac de l\u2019a\u00e9roport international de Ouagadougou.<\/p>\n<p>\u00a0<\/p>\n<p>La r\u00e9daction<\/p>\n<p>L\u2019article <a rel=\"nofollow\" href=\"https:\/\/www.sidwaya.info\/blog\/2022\/04\/27\/48728\/\">Burkina : Le DG de Air Burkina relev\u00e9 de ses fonctions avec effet imm\u00e9diat (conseil des ministres)<\/a> est apparu en premier sur <a rel=\"nofollow\" href=\"https:\/\/www.sidwaya.info\/\">Quotidien Sidwaya<\/a>.<\/p>\n<\/div>\n<p>Auteur: BS. Sidwaya<br \/>\n<a href=\"https:\/\/www.sidwaya.info\/blog\/2022\/04\/27\/48728\/?utm_source=rss&#038;utm_medium=rss&#038;utm_campaign=48728\">Cliquez ici pour lire l&rsquo;article depuis sa source.<\/a><\/p>\n","protected":false},"excerpt":{"rendered":"<p>\u00a0 Le Conseil des ministres a, ce mercredi 27 avril 2022, relev\u00e9 avec effet imm\u00e9diat\u00a0 le directeur g\u00e9n\u00e9ral de la compagnie a\u00e9rienne Air Burkina, Blaise Sanou, de ses fonctions. Selon le porte-parole du gouvernement, Lionel Bilgo, des audits seront faits sur la gestion de l\u2019entreprise. Depuis des ann\u00e9es, Air Burkina est plong\u00e9 les pannes r\u00e9currentes [&hellip;]<\/p>\n","protected":false},"author":1816,"featured_media":0,"comment_status":"closed","ping_status":"closed","sticky":false,"template":"","format":"standard","meta":{"fifu_image_url":"","fifu_image_alt":"","footnotes":""},"categories":[73,81],"tags":[],"class_list":["post-146483","post","type-post","status-publish","format-standard","hentry","category-actualite","category-burkina-faso"],"_links":{"self":[{"href":"https:\/\/linitiative.ca\/International\/wp-json\/wp\/v2\/posts\/146483","targetHints":{"allow":["GET"]}}],"collection":[{"href":"https:\/\/linitiative.ca\/International\/wp-json\/wp\/v2\/posts"}],"about":[{"href":"https:\/\/linitiative.ca\/International\/wp-json\/wp\/v2\/types\/post"}],"author":[{"embeddable":true,"href":"https:\/\/linitiative.ca\/International\/wp-json\/wp\/v2\/users\/1816"}],"replies":[{"embeddable":true,"href":"https:\/\/linitiative.ca\/International\/wp-json\/wp\/v2\/comments?post=146483"}],"version-history":[{"count":0,"href":"https:\/\/linitiative.ca\/International\/wp-json\/wp\/v2\/posts\/146483\/revisions"}],"wp:attachment":[{"href":"https:\/\/linitiative.ca\/International\/wp-json\/wp\/v2\/media?parent=146483"}],"wp:term":[{"taxonomy":"category","embeddable":true,"href":"https:\/\/linitiative.ca\/International\/wp-json\/wp\/v2\/categories?post=146483"},{"taxonomy":"post_tag","embeddable":true,"href":"https:\/\/linitiative.ca\/International\/wp-json\/wp\/v2\/tags?post=146483"}],"curies":[{"name":"wp","href":"https:\/\/api.w.org\/{rel}","templated":true}]}}