{"id":146495,"date":"2022-04-27T10:34:00","date_gmt":"2022-04-27T14:34:00","guid":{"rendered":"https:\/\/linitiative.ca\/International\/sonara-la-rehabilitation-et-la-restructuration-se-feront-en-partenariat-public-prive\/"},"modified":"2022-04-27T10:34:00","modified_gmt":"2022-04-27T14:34:00","slug":"sonara-la-rehabilitation-et-la-restructuration-se-feront-en-partenariat-public-prive","status":"publish","type":"post","link":"https:\/\/linitiative.ca\/International\/sonara-la-rehabilitation-et-la-restructuration-se-feront-en-partenariat-public-prive\/","title":{"rendered":"Sonara\u00a0: la r\u00e9habilitation et la restructuration se feront en partenariat public priv\u00e9"},"content":{"rendered":"<div>\n<p>Le pr\u00e9sident de la R\u00e9publique, Paul Biya, vient d\u2019autoriser la mise en \u0153uvre dans le cadre d\u2019un partenariat public priv\u00e9 (PPP), l\u2019option de r\u00e9habilitation\/restructuration consistant au red\u00e9marrage de la raffinerie dans la configuration finale du projet \u00ab\u00a0Sonara 2010\u00a0\u00bb, et \u00e0 la conduite de toutes les mesures pr\u00e9alables d\u2019accompagnement telles que propos\u00e9es par le Comit\u00e9 technique de r\u00e9habilitation des entreprises du secteur public (Ctr). C\u2019est du moins ce qui appara\u00eet dans une correspondance du ministre d\u2019Etat, secr\u00e9taire g\u00e9n\u00e9ral de la pr\u00e9sidence de la R\u00e9publique (Sg\/Pr), adress\u00e9e le 22 avril dernier au directeur g\u00e9n\u00e9ral de la Soci\u00e9t\u00e9 nationale de raffinage (Sonara), Jean Paul Njonou. Le m\u00eame jour, Ferdinand Ngoh Ngoh a notifi\u00e9 le \u00ab\u00a0tr\u00e8s haut accord\u00a0\u00bb du chef de l\u2019Etat au ministre des Finances (Minfi), Louis Paul Motaze, afin qu\u2019il fasse les diligences y aff\u00e9rentes. Dans son rapport 2020 publi\u00e9 courant janvier dernier, le Ctr propose, compte tenu de la situation actuelle de l\u2019entreprise strat\u00e9gique marqu\u00e9e par l\u2019arr\u00eat de production, la faillite et les difficult\u00e9s \u00e0 r\u00e9aliser 80% des importations, la mise en \u0153uvre des mesures essentielles sur la recapitalisation et la r\u00e9habilitation de son outil de production valid\u00e9es au terme de la session du 20 avril 2021 du comit\u00e9 interminist\u00e9riel.<\/p>\n<p><strong>Lire aussi : <a href=\"https:\/\/ecomatin.net\/actifs-assurables-la-sonara-sattache-les-services-de-roux-afrique\/\">Actifs assurables : la \u00a0Sonara s\u2019attache les services de Roux Afrique<\/a><\/strong><\/p>\n<p>Notamment, la reconstitution des capitaux propres de la soci\u00e9t\u00e9 au plus tard le 31 d\u00e9cembre 2021, la r\u00e9alisation pr\u00e9alable d\u2019une \u00e9tude technico-\u00e9conomique et financi\u00e8re approfondie de l\u2019option relative \u00e0 une raffinerie complexe disposant d\u2019une unit\u00e9 d\u2019hydrocraquage, assortie des plans et du design de la nouvelle raffinerie, la finalisation et la signature des conventions de remboursement des dettes avec les banques et les traders et la poursuite de la r\u00e9duction des charges salariales. Sous-r\u00e9serve de la nouvelle \u00e9tude technico-\u00e9conomique et financi\u00e8re approfondie sugg\u00e9r\u00e9e par le Ctr, le ministre de l\u2019Eau et de l\u2019Energie (Minee), Gaston Eloundou Essomba, avait affirm\u00e9 devant la commission des finances et du budget de l\u2019Assembl\u00e9e nationale, en d\u00e9cembre 2020, qu\u2019il fallait mobiliser jusqu\u2019\u00e0 250 milliards Fcfa pour la r\u00e9habilitation de la Sonara.<\/p>\n<p><strong>Lire aussi : <a href=\"https:\/\/ecomatin.net\/restructuration-de-la-dette-e-de-la-sonara-ce-que-la-ctr-reproche-a-jean-paul-simo-njonou\/\">Restructuration de la dette de la Sonara : ce que la CTR reproche \u00e0 Jean-Paul Simo Njonou<\/a><\/strong><\/p>\n<p>A noter qu\u2019avant le double incendie qui a d\u00e9truit l\u2019ensemble de ses unit\u00e9s en mai 2019, la raffinerie \u00e9tait engag\u00e9e dans un processus d\u2019extension et de modernisation, dans le cadre du projet \u00ab\u00a0Sonara 2010\u00a0\u00bb dont fait mention le Sg\/Pr.\u00a0\u00a0La phase I qui avait co\u00fbt\u00e9 380 milliards de Fcfa s\u2019\u00e9tait achev\u00e9e en 2018, portant ainsi les capacit\u00e9s de raffinage des produits p\u00e9troliers de\u00a0\u00a02,\u00a01 millions de tonnes \u00e0 3,5 millions de tonnes par an.<\/p>\n<p><strong>Jean Omer Eyango<\/strong><\/p>\n<p>L\u2019article <a rel=\"nofollow\" href=\"https:\/\/ecomatin.net\/sonara-la-rehabilitation-et-la-restructuration-se-feront-en-partenariat-public-prive\/\">Sonara\u00a0: la r\u00e9habilitation et la restructuration se feront en partenariat public priv\u00e9<\/a> est apparu en premier sur <a rel=\"nofollow\" href=\"https:\/\/ecomatin.net\/\">EcoMatin<\/a>.<\/p>\n<\/div>\n<p>Auteur: EcoMatin<br \/>\n<a href=\"https:\/\/ecomatin.net\/sonara-la-rehabilitation-et-la-restructuration-se-feront-en-partenariat-public-prive\/\">Cliquez ici pour lire l&rsquo;article depuis sa source.<\/a><\/p>\n","protected":false},"excerpt":{"rendered":"<p>Le pr\u00e9sident de la R\u00e9publique, Paul Biya, vient d\u2019autoriser la mise en \u0153uvre dans le cadre d\u2019un partenariat public priv\u00e9 (PPP), l\u2019option de r\u00e9habilitation\/restructuration consistant au red\u00e9marrage de la raffinerie dans la configuration finale du projet \u00ab\u00a0Sonara 2010\u00a0\u00bb, et \u00e0 la conduite de toutes les mesures pr\u00e9alables d\u2019accompagnement telles que propos\u00e9es par le Comit\u00e9 technique [&hellip;]<\/p>\n","protected":false},"author":1969,"featured_media":0,"comment_status":"closed","ping_status":"closed","sticky":false,"template":"","format":"standard","meta":{"fifu_image_url":"","fifu_image_alt":"","footnotes":""},"categories":[82,78],"tags":[],"class_list":["post-146495","post","type-post","status-publish","format-standard","hentry","category-cameroun","category-economie"],"_links":{"self":[{"href":"https:\/\/linitiative.ca\/International\/wp-json\/wp\/v2\/posts\/146495","targetHints":{"allow":["GET"]}}],"collection":[{"href":"https:\/\/linitiative.ca\/International\/wp-json\/wp\/v2\/posts"}],"about":[{"href":"https:\/\/linitiative.ca\/International\/wp-json\/wp\/v2\/types\/post"}],"author":[{"embeddable":true,"href":"https:\/\/linitiative.ca\/International\/wp-json\/wp\/v2\/users\/1969"}],"replies":[{"embeddable":true,"href":"https:\/\/linitiative.ca\/International\/wp-json\/wp\/v2\/comments?post=146495"}],"version-history":[{"count":0,"href":"https:\/\/linitiative.ca\/International\/wp-json\/wp\/v2\/posts\/146495\/revisions"}],"wp:attachment":[{"href":"https:\/\/linitiative.ca\/International\/wp-json\/wp\/v2\/media?parent=146495"}],"wp:term":[{"taxonomy":"category","embeddable":true,"href":"https:\/\/linitiative.ca\/International\/wp-json\/wp\/v2\/categories?post=146495"},{"taxonomy":"post_tag","embeddable":true,"href":"https:\/\/linitiative.ca\/International\/wp-json\/wp\/v2\/tags?post=146495"}],"curies":[{"name":"wp","href":"https:\/\/api.w.org\/{rel}","templated":true}]}}