{"id":146506,"date":"2022-04-28T10:00:56","date_gmt":"2022-04-28T14:00:56","guid":{"rendered":"https:\/\/linitiative.ca\/International\/zone-dactivites-economiques-dait-kamra-al-hoceima-signature-de-sept-conventions-pour-linstallation-de-sept-operateurs\/"},"modified":"2022-04-28T10:00:56","modified_gmt":"2022-04-28T14:00:56","slug":"zone-dactivites-economiques-dait-kamra-al-hoceima-signature-de-sept-conventions-pour-linstallation-de-sept-operateurs","status":"publish","type":"post","link":"https:\/\/linitiative.ca\/International\/zone-dactivites-economiques-dait-kamra-al-hoceima-signature-de-sept-conventions-pour-linstallation-de-sept-operateurs\/","title":{"rendered":"Zone d\u2019activit\u00e9s \u00e9conomiques d\u2019A\u00eft Kamra Al Hoceima : Signature de sept conventions pour  l\u2019installation de sept op\u00e9rateurs"},"content":{"rendered":"<div>\n<p><img decoding=\"async\" width=\"300\" height=\"153\" src=\"https:\/\/linitiative.ca\/International\/wp-content\/uploads\/sites\/23\/2022\/04\/Zone-d_activiteCC81s-eCC81conomiques-d_Ait-Kamra-Al-Houceima-300x153-1.jpg\" class=\"attachment-medium size-medium wp-post-image\" alt=\"\" loading=\"lazy\" srcset=\"https:\/\/linitiative.ca\/International\/wp-content\/uploads\/sites\/23\/2022\/04\/Zone-d_activiteCC81s-eCC81conomiques-d_Ait-Kamra-Al-Houceima-300x153-1.jpg 300w, https:\/\/aujourdhui.ma\/wp-content\/uploads\/2022\/04\/Zone-d_activite\u0301s-e\u0301conomiques-d_Ait-Kamra-Al-Houceima-274x140.jpg 274w, https:\/\/aujourdhui.ma\/wp-content\/uploads\/2022\/04\/Zone-d_activite\u0301s-e\u0301conomiques-d_Ait-Kamra-Al-Houceima.jpg 746w, https:\/\/aujourdhui.ma\/wp-content\/uploads\/2022\/04\/Zone-d_activite\u0301s-e\u0301conomiques-d_Ait-Kamra-Al-Houceima-165x84.jpg 165w, https:\/\/aujourdhui.ma\/wp-content\/uploads\/2022\/04\/Zone-d_activite\u0301s-e\u0301conomiques-d_Ait-Kamra-Al-Houceima-702x358.jpg 702w\" sizes=\"auto, (max-width: 300px) 100vw, 300px\"><\/p>\n<p><span style=\"font-size: 20px; color: #800000;\"><strong>La CRUI a retenu parmi les dossiers de candidature pour la premi\u00e8re phase quatre entreprises op\u00e9rant dans l\u2019agroalimentaire, deux autres dans le secteur des mat\u00e9riaux de construction et de travaux publics et une seule dans les services.<\/strong><\/span><\/p>\n<p>Le Centre r\u00e9gional d\u2019investissement de Tanger-T\u00e9touan-Al Hoceima (CRI-TTA) vient d\u2019annoncer la signature de sept conventions relatives \u00e0 l\u2019installation des projets d\u2019investissement dans la zone d\u2019activit\u00e9s \u00e9conomiques d\u2019A\u00eft Kamra, et ce \u00abdans le cadre des efforts visant \u00e0 promouvoir le tissu \u00e9conomique dans la province d\u2019Al Hoceima\u00bb, selon un communiqu\u00e9 du CRI-TTA.<br \/>\nCes conventions ont \u00e9t\u00e9 conclues conform\u00e9ment aux dispositions de l\u2019accord-cadre li\u00e9 au programme de soutien \u00e0 l\u2019investissement dans la province, qui avait \u00e9t\u00e9 sign\u00e9 en d\u00e9cembre 2019 par le CRI-TTA, la pr\u00e9fecture d\u2019Al Hoceima, l\u2019Agence pour la promotion et le d\u00e9veloppement du Nord (APDN) ainsi que le Conseil provincial et celui de la r\u00e9gion de Tanger-T\u00e9touan-Al Hoceima, et ce sous l\u2019\u00e9gide du wali de la r\u00e9gion Mohamed Mhidia. Cet accord-cadre s\u2019assigne pour objectif d\u2019\u00abunir les efforts des composantes de l\u2019\u00e9cosyst\u00e8me entrepreneurial pour am\u00e9liorer l\u2019offre territoriale et renforcer l\u2019attractivit\u00e9 de la r\u00e9gion\u00bb, fait savoir la m\u00eame source.<\/p>\n<p>En plus de ces premiers projets d\u2019investissement ayant d\u00e9j\u00e0 re\u00e7u l\u2019approbation de la Commission r\u00e9gionale unifi\u00e9e de l\u2019investissement (CRUI), une s\u00e9rie d\u2019autres est, poursuit-on, en cours d\u2019accompagnement de la part de l\u2019\u00e9quipe du Centre r\u00e9gional d\u2019investissement et dans le but de leur installation au cours de l\u2019ann\u00e9e 2022 dans la zone d\u2019activit\u00e9s \u00e9conomiques d\u2019A\u00eft Kamra, et ce \u00e9galement dans le cadre d\u2019un \u00abpartenariat multilat\u00e9ral bas\u00e9 sur une approche int\u00e9gr\u00e9e de relance en vue d\u2019augmenter la capacit\u00e9 de la r\u00e9gion d\u2019attirer des projets d\u2019investissement \u00e0 valeur ajout\u00e9e, permettant de r\u00e9pondre aux attentes de la population avec la cr\u00e9ation des opportunit\u00e9s d\u2019emplois stables au profit des jeunes de la province\u00bb, souligne-t-on.<\/p>\n<p>Dans les d\u00e9tails et selon la r\u00e9partition de ces premiers projets au niveau sectoriel, la CRUI a retenu parmi les dossiers de candidature pour la premi\u00e8re phase quatre entreprises op\u00e9rant dans l\u2019agroalimentaire, deux autres dans le secteur des mat\u00e9riaux de construction et de travaux publics et une seule dans les services. Le d\u00e9marrage des travaux de r\u00e9alisation de ces premiers projets d\u2019investissement retenus aura lieu selon \u00abun calendrier contractuel pr\u00e9cis, sur une superficie globale de 2,5 hectares avec un investissement total allant jusqu\u2019\u00e0 65 millions de dirhams\u00bb, rapporte-t-on, avant de conclure que ces sept projets d\u2019investissement permettront de g\u00e9n\u00e9rer quelque 650 emplois.<\/p>\n<p>Rappelons que s\u2019\u00e9tendant sur une superficie de plus de 40 hectares \u00e0 proximit\u00e9 d\u2019Al Hoceima, la zone d\u2019activit\u00e9s \u00e9conomiques d\u2019A\u00eft Kamra est destin\u00e9e \u00e0 accueillir<br \/>\ndes investisseurs op\u00e9rant dans les secteurs de l\u2019industrie, de l\u2019artisanat et du commerce et r\u00e9partis entre pr\u00e8s de 180 lots.<\/p>\n<\/div>\n<p>Auteur: ALM<br \/>\n<a href=\"https:\/\/aujourdhui.ma\/economie\/zone-dactivites-economiques-dait-kamra-al-hoceima-signature-de-sept-conventions-pour-linstallation-de-sept-operateurs\">Cliquez ici pour lire l&rsquo;article depuis sa source.<\/a><\/p>\n","protected":false},"excerpt":{"rendered":"<p>La CRUI a retenu parmi les dossiers de candidature pour la premi\u00e8re phase quatre entreprises op\u00e9rant dans l\u2019agroalimentaire, deux autres dans le secteur des mat\u00e9riaux de construction et de travaux publics et une seule dans les services. Le Centre r\u00e9gional d\u2019investissement de Tanger-T\u00e9touan-Al Hoceima (CRI-TTA) vient d\u2019annoncer la signature de sept conventions relatives \u00e0 l\u2019installation [&hellip;]<\/p>\n","protected":false},"author":1759,"featured_media":0,"comment_status":"closed","ping_status":"closed","sticky":false,"template":"","format":"standard","meta":{"fifu_image_url":"https:\/\/aujourdhui.ma\/wp-content\/uploads\/2022\/04\/Zone-d_activite\u0301s-e\u0301conomiques-d_Ait-Kamra-Al-Houceima-300x153.jpg","fifu_image_alt":"Zone d\u2019activit\u00e9s \u00e9conomiques d\u2019A\u00eft Kamra Al Hoceima : Signature de sept conventions pour  l\u2019installation de sept op\u00e9rateurs","footnotes":""},"categories":[73,54],"tags":[],"class_list":["post-146506","post","type-post","status-publish","format-standard","hentry","category-actualite","category-maroc"],"_links":{"self":[{"href":"https:\/\/linitiative.ca\/International\/wp-json\/wp\/v2\/posts\/146506","targetHints":{"allow":["GET"]}}],"collection":[{"href":"https:\/\/linitiative.ca\/International\/wp-json\/wp\/v2\/posts"}],"about":[{"href":"https:\/\/linitiative.ca\/International\/wp-json\/wp\/v2\/types\/post"}],"author":[{"embeddable":true,"href":"https:\/\/linitiative.ca\/International\/wp-json\/wp\/v2\/users\/1759"}],"replies":[{"embeddable":true,"href":"https:\/\/linitiative.ca\/International\/wp-json\/wp\/v2\/comments?post=146506"}],"version-history":[{"count":0,"href":"https:\/\/linitiative.ca\/International\/wp-json\/wp\/v2\/posts\/146506\/revisions"}],"wp:attachment":[{"href":"https:\/\/linitiative.ca\/International\/wp-json\/wp\/v2\/media?parent=146506"}],"wp:term":[{"taxonomy":"category","embeddable":true,"href":"https:\/\/linitiative.ca\/International\/wp-json\/wp\/v2\/categories?post=146506"},{"taxonomy":"post_tag","embeddable":true,"href":"https:\/\/linitiative.ca\/International\/wp-json\/wp\/v2\/tags?post=146506"}],"curies":[{"name":"wp","href":"https:\/\/api.w.org\/{rel}","templated":true}]}}