{"id":146508,"date":"2022-04-28T11:40:13","date_gmt":"2022-04-28T15:40:13","guid":{"rendered":"https:\/\/linitiative.ca\/International\/covid-19-maroc-la-situation-epidemiologique-au-28-avril-2022-a-15h00\/"},"modified":"2022-04-28T11:40:13","modified_gmt":"2022-04-28T15:40:13","slug":"covid-19-maroc-la-situation-epidemiologique-au-28-avril-2022-a-15h00","status":"publish","type":"post","link":"https:\/\/linitiative.ca\/International\/covid-19-maroc-la-situation-epidemiologique-au-28-avril-2022-a-15h00\/","title":{"rendered":"Covid-19 \/ Maroc : La situation \u00e9pid\u00e9miologique au 28 avril 2022 \u00e0 15H00"},"content":{"rendered":"<div>\n<p><img decoding=\"async\" width=\"300\" height=\"153\" src=\"https:\/\/linitiative.ca\/International\/wp-content\/uploads\/sites\/23\/2022\/04\/Variant-Omicron-Covid19-Coronavirus-Maroc-300x153-2.jpg\" class=\"attachment-medium size-medium wp-post-image\" alt=\"\" loading=\"lazy\" srcset=\"https:\/\/linitiative.ca\/International\/wp-content\/uploads\/sites\/23\/2022\/04\/Variant-Omicron-Covid19-Coronavirus-Maroc-300x153-2.jpg 300w, https:\/\/aujourdhui.ma\/wp-content\/uploads\/2022\/02\/Variant-Omicron-Covid19-Coronavirus-Maroc-274x140.jpg 274w, https:\/\/aujourdhui.ma\/wp-content\/uploads\/2022\/02\/Variant-Omicron-Covid19-Coronavirus-Maroc.jpg 746w, https:\/\/aujourdhui.ma\/wp-content\/uploads\/2022\/02\/Variant-Omicron-Covid19-Coronavirus-Maroc-165x84.jpg 165w, https:\/\/aujourdhui.ma\/wp-content\/uploads\/2022\/02\/Variant-Omicron-Covid19-Coronavirus-Maroc-702x358.jpg 702w\" sizes=\"auto, (max-width: 300px) 100vw, 300px\"><\/p>\n<p>40 nouveaux cas soit un cumul de 1.164.865 cas \u00e0 ce jour.<br \/>\n58 gu\u00e9risons soit un cumul de 1.148.406 \u00e0 ce jour.<br \/>\nUn nouveau d\u00e9c\u00e8s donc un cumul de 16.069 \u00e0 ce jour<\/p>\n<p><span style=\"color: #ff0000;\"><strong>Nombre de personnes vaccin\u00e9es au 28 avril \u00e0 15H00<\/strong><\/span><\/p>\n<p>1\u00e8re dose :<strong> <span id=\"page3R_mcid103\" class=\"markedContent\"><span dir=\"ltr\" role=\"presentation\">24<\/span><\/span><span id=\"page3R_mcid104\" class=\"markedContent\"><\/span><span id=\"page3R_mcid105\" class=\"markedContent\"> <span dir=\"ltr\" role=\"presentation\">805<\/span><\/span><span id=\"page3R_mcid106\" class=\"markedContent\"> <span dir=\"ltr\" role=\"presentation\">614<\/span><\/span><br \/>\n<\/strong><\/p>\n<p>2\u00e8me dose :<strong> <span id=\"page3R_mcid96\" class=\"markedContent\"><span dir=\"ltr\" role=\"presentation\">23<\/span><\/span><span id=\"page3R_mcid97\" class=\"markedContent\"><\/span><span id=\"page3R_mcid98\" class=\"markedContent\"> <span dir=\"ltr\" role=\"presentation\">284 <\/span><\/span><span id=\"page3R_mcid99\" class=\"markedContent\"><span dir=\"ltr\" role=\"presentation\">216<\/span><\/span><br \/>\n<\/strong><\/p>\n<p>3\u00e8me dose :<strong> <span id=\"page3R_mcid89\" class=\"markedContent\"><span dir=\"ltr\" role=\"presentation\">6<\/span><\/span><span id=\"page3R_mcid90\" class=\"markedContent\"><\/span><span id=\"page3R_mcid91\" class=\"markedContent\"> <span dir=\"ltr\" role=\"presentation\">251 <\/span><\/span><span id=\"page3R_mcid92\" class=\"markedContent\"><span dir=\"ltr\" role=\"presentation\">283<\/span><\/span><\/strong><\/p>\n<p>\u00a0<\/p>\n<p><a href=\"https:\/\/linitiative.ca\/International\/wp-content\/uploads\/sites\/23\/2022\/04\/WhatsApp-Image-2022-04-28-at-3.27.14-PM.jpeg\"><img loading=\"lazy\" decoding=\"async\" class=\"aligncenter size-full wp-image-406503\" src=\"https:\/\/linitiative.ca\/International\/wp-content\/uploads\/sites\/23\/2022\/04\/WhatsApp-Image-2022-04-28-at-3.27.14-PM.jpeg\" alt=\"\" width=\"1058\" height=\"1600\" srcset=\"https:\/\/linitiative.ca\/International\/wp-content\/uploads\/sites\/23\/2022\/04\/WhatsApp-Image-2022-04-28-at-3.27.14-PM.jpeg 1058w, https:\/\/aujourdhui.ma\/wp-content\/uploads\/2022\/04\/WhatsApp-Image-2022-04-28-at-3.27.14-PM-198x300.jpeg 198w, https:\/\/aujourdhui.ma\/wp-content\/uploads\/2022\/04\/WhatsApp-Image-2022-04-28-at-3.27.14-PM-677x1024.jpeg 677w, https:\/\/aujourdhui.ma\/wp-content\/uploads\/2022\/04\/WhatsApp-Image-2022-04-28-at-3.27.14-PM-768x1161.jpeg 768w, https:\/\/aujourdhui.ma\/wp-content\/uploads\/2022\/04\/WhatsApp-Image-2022-04-28-at-3.27.14-PM-1016x1536.jpeg 1016w\" sizes=\"auto, (max-width: 1058px) 100vw, 1058px\"><\/a> <a href=\"https:\/\/linitiative.ca\/International\/wp-content\/uploads\/sites\/23\/2022\/04\/WhatsApp-Image-2022-04-28-at-3.27.14-PM1.jpeg\"><img loading=\"lazy\" decoding=\"async\" class=\"aligncenter size-full wp-image-406502\" src=\"https:\/\/linitiative.ca\/International\/wp-content\/uploads\/sites\/23\/2022\/04\/WhatsApp-Image-2022-04-28-at-3.27.14-PM1.jpeg\" alt=\"\" width=\"1170\" height=\"576\" srcset=\"https:\/\/linitiative.ca\/International\/wp-content\/uploads\/sites\/23\/2022\/04\/WhatsApp-Image-2022-04-28-at-3.27.14-PM1.jpeg 1170w, https:\/\/aujourdhui.ma\/wp-content\/uploads\/2022\/04\/WhatsApp-Image-2022-04-28-at-3.27.14-PM1-300x148.jpeg 300w, https:\/\/aujourdhui.ma\/wp-content\/uploads\/2022\/04\/WhatsApp-Image-2022-04-28-at-3.27.14-PM1-1024x504.jpeg 1024w, https:\/\/aujourdhui.ma\/wp-content\/uploads\/2022\/04\/WhatsApp-Image-2022-04-28-at-3.27.14-PM1-768x378.jpeg 768w\" sizes=\"auto, (max-width: 1170px) 100vw, 1170px\"><\/a> <a href=\"https:\/\/linitiative.ca\/International\/wp-content\/uploads\/sites\/23\/2022\/04\/WhatsApp-Image-2022-04-28-at-3.27.15-PM.jpeg\"><img loading=\"lazy\" decoding=\"async\" class=\"aligncenter size-full wp-image-406501\" src=\"https:\/\/linitiative.ca\/International\/wp-content\/uploads\/sites\/23\/2022\/04\/WhatsApp-Image-2022-04-28-at-3.27.15-PM.jpeg\" alt=\"\" width=\"1022\" height=\"1600\" srcset=\"https:\/\/linitiative.ca\/International\/wp-content\/uploads\/sites\/23\/2022\/04\/WhatsApp-Image-2022-04-28-at-3.27.15-PM.jpeg 1022w, https:\/\/aujourdhui.ma\/wp-content\/uploads\/2022\/04\/WhatsApp-Image-2022-04-28-at-3.27.15-PM-192x300.jpeg 192w, https:\/\/aujourdhui.ma\/wp-content\/uploads\/2022\/04\/WhatsApp-Image-2022-04-28-at-3.27.15-PM-654x1024.jpeg 654w, https:\/\/aujourdhui.ma\/wp-content\/uploads\/2022\/04\/WhatsApp-Image-2022-04-28-at-3.27.15-PM-768x1202.jpeg 768w, https:\/\/aujourdhui.ma\/wp-content\/uploads\/2022\/04\/WhatsApp-Image-2022-04-28-at-3.27.15-PM-981x1536.jpeg 981w\" sizes=\"auto, (max-width: 1022px) 100vw, 1022px\"><\/a><\/p>\n<\/div>\n<p>Auteur: ALM<br \/>\n<a href=\"https:\/\/aujourdhui.ma\/actualite\/covid-19-maroc-la-situation-epidemiologique-au-28-avril-2022-a-15h00\">Cliquez ici pour lire l&rsquo;article depuis sa source.<\/a><\/p>\n","protected":false},"excerpt":{"rendered":"<p>40 nouveaux cas soit un cumul de 1.164.865 cas \u00e0 ce jour. 58 gu\u00e9risons soit un cumul de 1.148.406 \u00e0 ce jour. Un nouveau d\u00e9c\u00e8s donc un cumul de 16.069 \u00e0 ce jour Nombre de personnes vaccin\u00e9es au 28 avril \u00e0 15H00 1\u00e8re dose : 24 805 614 2\u00e8me dose : 23 284 216 3\u00e8me [&hellip;]<\/p>\n","protected":false},"author":1759,"featured_media":0,"comment_status":"closed","ping_status":"closed","sticky":false,"template":"","format":"standard","meta":{"fifu_image_url":"https:\/\/aujourdhui.ma\/wp-content\/uploads\/2022\/02\/Variant-Omicron-Covid19-Coronavirus-Maroc-300x153.jpg","fifu_image_alt":"Covid-19 \/ Maroc : La situation \u00e9pid\u00e9miologique au 28 avril 2022 \u00e0 15H00","footnotes":""},"categories":[73,54],"tags":[],"class_list":["post-146508","post","type-post","status-publish","format-standard","hentry","category-actualite","category-maroc"],"_links":{"self":[{"href":"https:\/\/linitiative.ca\/International\/wp-json\/wp\/v2\/posts\/146508","targetHints":{"allow":["GET"]}}],"collection":[{"href":"https:\/\/linitiative.ca\/International\/wp-json\/wp\/v2\/posts"}],"about":[{"href":"https:\/\/linitiative.ca\/International\/wp-json\/wp\/v2\/types\/post"}],"author":[{"embeddable":true,"href":"https:\/\/linitiative.ca\/International\/wp-json\/wp\/v2\/users\/1759"}],"replies":[{"embeddable":true,"href":"https:\/\/linitiative.ca\/International\/wp-json\/wp\/v2\/comments?post=146508"}],"version-history":[{"count":0,"href":"https:\/\/linitiative.ca\/International\/wp-json\/wp\/v2\/posts\/146508\/revisions"}],"wp:attachment":[{"href":"https:\/\/linitiative.ca\/International\/wp-json\/wp\/v2\/media?parent=146508"}],"wp:term":[{"taxonomy":"category","embeddable":true,"href":"https:\/\/linitiative.ca\/International\/wp-json\/wp\/v2\/categories?post=146508"},{"taxonomy":"post_tag","embeddable":true,"href":"https:\/\/linitiative.ca\/International\/wp-json\/wp\/v2\/tags?post=146508"}],"curies":[{"name":"wp","href":"https:\/\/api.w.org\/{rel}","templated":true}]}}