{"id":146519,"date":"2022-04-28T08:46:20","date_gmt":"2022-04-28T12:46:20","guid":{"rendered":"https:\/\/linitiative.ca\/International\/previsions-meteorologiques-pour-le-vendredi-29-avril-2022\/"},"modified":"2022-04-28T08:46:20","modified_gmt":"2022-04-28T12:46:20","slug":"previsions-meteorologiques-pour-le-vendredi-29-avril-2022","status":"publish","type":"post","link":"https:\/\/linitiative.ca\/International\/previsions-meteorologiques-pour-le-vendredi-29-avril-2022\/","title":{"rendered":"Pr\u00e9visions m\u00e9t\u00e9orologiques pour le vendredi 29 avril 2022"},"content":{"rendered":"<div>\n<div style=\"margin-bottom:20px;\"><img loading=\"lazy\" decoding=\"async\" width=\"750\" height=\"430\" src=\"https:\/\/linitiative.ca\/International\/wp-content\/uploads\/sites\/23\/2022\/04\/nuages-2.jpg\" class=\"attachment-post-thumbnail size-post-thumbnail wp-post-image\" alt=\"\" srcset=\"https:\/\/linitiative.ca\/International\/wp-content\/uploads\/sites\/23\/2022\/04\/nuages-2.jpg 750w, https:\/\/www.mapmarrakech.ma\/map\/uploads\/2022\/01\/nuages-2-300x172.jpg 300w\" sizes=\"auto, (max-width: 750px) 100vw, 750px\"><\/div>\n<p>\u2013 Pluies ou averses avec risque d\u2019orages isol\u00e9s sur l\u2019Oriental, la M\u00e9diterran\u00e9e, les versants sud-est et le Rif.<\/p>\n<p>\u2013 Ond\u00e9es ou gouttes de pluie \u00e9parses sur l\u2019est du Moyen Atlas.<\/p>\n<p>\u2013 Brume ou brouillard par endroits sur les plaines nord et centre, le plateau des Phosphates et l\u2019Oriental.<\/p>\n<p>\u2013 Temps relativement froid sur l\u2019Atlas.<\/p>\n<p>\u2013 Chasse-poussi\u00e8res sur le nord des provinces du Sud, le sud de l\u2019Oriental et les versants sud-est.<\/p>\n<p>\u2013 Rafales de vents localement assez fortes sur les plaines atlantiques nord et centre, le Tang\u00e9rois, le Sud, le Sud-Est, l\u2019Oriental et le Saiss.<\/p>\n<p>\u2013 Temp\u00e9ratures minimales de l\u2019ordre de 01\/08\u00b0C sur l\u2019Atlas, 05\/11\u00b0C sur le Rif, l\u2019Oriental, Oulm\u00e8s et le plateau des Phosphates, 16\/22\u00b0C sur l\u2019extr\u00eame sud-est et le sud des provinces sahariennes et de 09\/16\u00b0C partout ailleurs.<\/p>\n<p>\u2013 Temp\u00e9ratures maximales en baisse sur les r\u00e9gions est et le nord des provinces du Sud, et en hausse ou quasi stationnaires ailleurs.<\/p>\n<p>\u2013 Mer belle \u00e0 peu agit\u00e9e en M\u00e9diterran\u00e9e, peu agit\u00e9e sur le D\u00e9troit, peu agit\u00e9e \u00e0 agit\u00e9e entre Cap Spartel et Cap Catin et agit\u00e9e \u00e0 forte entre Cap Catin et Tarfaya.<\/p>\n<p>The post <a rel=\"nofollow\" href=\"https:\/\/www.mapmarrakech.ma\/fr\/previsions-meteorologiques-pour-le-vendredi-29-avril-2022\/\">Pr\u00e9visions m\u00e9t\u00e9orologiques pour le vendredi 29 avril 2022<\/a> appeared first on <a rel=\"nofollow\" href=\"https:\/\/www.mapmarrakech.ma\/fr\">MapMarrakech<\/a>.<\/p>\n<\/div>\n<p>Auteur: Meriem IGASS<br \/>\n<a href=\"https:\/\/www.mapmarrakech.ma\/fr\/previsions-meteorologiques-pour-le-vendredi-29-avril-2022\/\">Cliquez ici pour lire l&rsquo;article depuis sa source.<\/a><\/p>\n","protected":false},"excerpt":{"rendered":"<p>\u2013 Pluies ou averses avec risque d\u2019orages isol\u00e9s sur l\u2019Oriental, la M\u00e9diterran\u00e9e, les versants sud-est et le Rif. \u2013 Ond\u00e9es ou gouttes de pluie \u00e9parses sur l\u2019est du Moyen Atlas. \u2013 Brume ou brouillard par endroits sur les plaines nord et centre, le plateau des Phosphates et l\u2019Oriental. \u2013 Temps relativement froid sur l\u2019Atlas. \u2013 [&hellip;]<\/p>\n","protected":false},"author":1788,"featured_media":0,"comment_status":"closed","ping_status":"closed","sticky":false,"template":"","format":"standard","meta":{"fifu_image_url":"https:\/\/www.mapmarrakech.ma\/map\/uploads\/2022\/01\/nuages-2.jpg","fifu_image_alt":"Pr\u00e9visions m\u00e9t\u00e9orologiques pour le vendredi 29 avril 2022","footnotes":""},"categories":[54,76],"tags":[],"class_list":["post-146519","post","type-post","status-publish","format-standard","hentry","category-maroc","category-regions"],"_links":{"self":[{"href":"https:\/\/linitiative.ca\/International\/wp-json\/wp\/v2\/posts\/146519","targetHints":{"allow":["GET"]}}],"collection":[{"href":"https:\/\/linitiative.ca\/International\/wp-json\/wp\/v2\/posts"}],"about":[{"href":"https:\/\/linitiative.ca\/International\/wp-json\/wp\/v2\/types\/post"}],"author":[{"embeddable":true,"href":"https:\/\/linitiative.ca\/International\/wp-json\/wp\/v2\/users\/1788"}],"replies":[{"embeddable":true,"href":"https:\/\/linitiative.ca\/International\/wp-json\/wp\/v2\/comments?post=146519"}],"version-history":[{"count":0,"href":"https:\/\/linitiative.ca\/International\/wp-json\/wp\/v2\/posts\/146519\/revisions"}],"wp:attachment":[{"href":"https:\/\/linitiative.ca\/International\/wp-json\/wp\/v2\/media?parent=146519"}],"wp:term":[{"taxonomy":"category","embeddable":true,"href":"https:\/\/linitiative.ca\/International\/wp-json\/wp\/v2\/categories?post=146519"},{"taxonomy":"post_tag","embeddable":true,"href":"https:\/\/linitiative.ca\/International\/wp-json\/wp\/v2\/tags?post=146519"}],"curies":[{"name":"wp","href":"https:\/\/api.w.org\/{rel}","templated":true}]}}