{"id":146527,"date":"2022-04-28T11:38:22","date_gmt":"2022-04-28T15:38:22","guid":{"rendered":"https:\/\/linitiative.ca\/International\/aeroport-oujda-angad-96-521-passagers-entre-le-7-fevrier-et-le-31-mars\/"},"modified":"2022-04-28T11:38:22","modified_gmt":"2022-04-28T15:38:22","slug":"aeroport-oujda-angad-96-521-passagers-entre-le-7-fevrier-et-le-31-mars","status":"publish","type":"post","link":"https:\/\/linitiative.ca\/International\/aeroport-oujda-angad-96-521-passagers-entre-le-7-fevrier-et-le-31-mars\/","title":{"rendered":"A\u00e9roport Oujda-Angad : 96.521 passagers entre le 7 f\u00e9vrier et le 31 mars"},"content":{"rendered":"<div>\n<div style=\"margin-bottom:20px;\"><img loading=\"lazy\" decoding=\"async\" width=\"750\" height=\"430\" src=\"https:\/\/linitiative.ca\/International\/wp-content\/uploads\/sites\/23\/2022\/04\/AC3A9roport-Oujda-Angad.jpg\" class=\"attachment-post-thumbnail size-post-thumbnail wp-post-image\" alt=\"A\u00e9roport Oujda-Angad\" srcset=\"https:\/\/linitiative.ca\/International\/wp-content\/uploads\/sites\/23\/2022\/04\/AC3A9roport-Oujda-Angad.jpg 750w, https:\/\/www.mapoujda.ma\/map\/uploads\/2018\/12\/A\u00e9roport-Oujda-Angad-300x172.jpg 300w\" sizes=\"auto, (max-width: 750px) 100vw, 750px\"><\/div>\n<div>\n<p style=\"text-align: justify;\">L\u2019a\u00e9roport d\u2019Oujda-Angad a accueilli un total de 96.521 passagers au cours la p\u00e9riode allant du 7 f\u00e9vrier (1er jour de reprise des vols internationaux) au 31 mars 2022, indique l\u2019Office national des a\u00e9roports (ONDA).<\/p>\n<p style=\"text-align: justify;\">Ce volume de trafic passagers repr\u00e9sente un taux de r\u00e9cup\u00e9ration de 132 % par rapport \u00e0 la m\u00eame p\u00e9riode de l\u2019ann\u00e9e 2019 (73.379 passagers), souligne l\u2019ONDA dans un communiqu\u00e9.<\/p>\n<p style=\"text-align: justify;\">Le m\u00eame a\u00e9roport a enregistr\u00e9, entre le 7 f\u00e9vrier et le 31 mars 2022, un total de 868 mouvements a\u00e9roportuaires, contre 1.191 mouvements durant la p\u00e9riode similaire de 2019, soit un taux de r\u00e9cup\u00e9ration de 73 %.<\/p>\n<p style=\"text-align: justify;\">Pour le seul mois de mars, cet a\u00e9roport a accueilli 61.992 passagers \u00e0 travers 601 vols. Ce volume de trafic commercial repr\u00e9sente un taux de r\u00e9cup\u00e9ration de 137 % pour les passagers et de 164 % pour les mouvements a\u00e9roportuaires, en comparaison avec le m\u00eame mois de 2019.<\/p>\n<p style=\"text-align: justify;\">L\u2019a\u00e9roport d\u2019Oujda-Angad occupe la 8\u00e8me place \u00e0 l\u2019\u00e9chelle nationale en termes de volume du trafic a\u00e9rien passagers et de mouvements a\u00e9roportuaires.<\/p>\n<p style=\"text-align: justify;\">Les a\u00e9roports du Royaume ont accueilli 2.228.723 passagers \u00e0 travers 21.330 vols a\u00e9riens, durant la p\u00e9riode allant du 7 f\u00e9vrier au 31 mars 2022.<\/p>\n<p style=\"text-align: justify;\">Pendant le mois de mars, les a\u00e9roports marocains ont enregistr\u00e9 un volume de trafic commercial de 1.452.030 passagers et 13.543 vols, soit un taux de r\u00e9cup\u00e9ration par rapport \u00e0 la m\u00eame p\u00e9riode de l\u2019ann\u00e9e 2019 de 70% pour les passagers et de 80% pour les mouvements a\u00e9roportuaires.<\/p>\n<p style=\"text-align: justify;\">Sur les 26 a\u00e9roports ouverts \u00e0 la circulation a\u00e9rienne, 17 a\u00e9roports uniquement ont \u00e9t\u00e9 desservis depuis la r\u00e9ouverture de l\u2019espace a\u00e9rien national, fait savoir l\u2019ONDA.<\/p>\n<p style=\"text-align: justify;\">A noter que les a\u00e9roports des r\u00e9gions du Nord et de l\u2019Oriental ont connu les plus fortes progressions, avec des taux de r\u00e9cup\u00e9ration d\u00e9passant les 100%.<\/p>\n<\/div>\n<p>L\u2019article <a rel=\"nofollow\" href=\"https:\/\/www.mapoujda.ma\/fr\/aeroport-oujda-angad-96-521-passagers-entre-le-7-fevrier-et-le-31-mars\/\">A\u00e9roport Oujda-Angad : 96.521 passagers entre le 7 f\u00e9vrier et le 31 mars<\/a> est apparu en premier sur <a rel=\"nofollow\" href=\"https:\/\/www.mapoujda.ma\/fr\">MapOujda<\/a>.<\/p>\n<\/div>\n<p>Auteur: Soufiane ELAHMAR<br \/>\n<a href=\"https:\/\/www.mapoujda.ma\/fr\/aeroport-oujda-angad-96-521-passagers-entre-le-7-fevrier-et-le-31-mars\/\">Cliquez ici pour lire l&rsquo;article depuis sa source.<\/a><\/p>\n","protected":false},"excerpt":{"rendered":"<p>L\u2019a\u00e9roport d\u2019Oujda-Angad a accueilli un total de 96.521 passagers au cours la p\u00e9riode allant du 7 f\u00e9vrier (1er jour de reprise des vols internationaux) au 31 mars 2022, indique l\u2019Office national des a\u00e9roports (ONDA). Ce volume de trafic passagers repr\u00e9sente un taux de r\u00e9cup\u00e9ration de 132 % par rapport \u00e0 la m\u00eame p\u00e9riode de l\u2019ann\u00e9e [&hellip;]<\/p>\n","protected":false},"author":1788,"featured_media":0,"comment_status":"closed","ping_status":"closed","sticky":false,"template":"","format":"standard","meta":{"fifu_image_url":"https:\/\/www.mapoujda.ma\/map\/uploads\/2018\/12\/A\u00e9roport-Oujda-Angad.jpg","fifu_image_alt":"A\u00e9roport Oujda-Angad : 96.521 passagers entre le 7 f\u00e9vrier et le 31 mars","footnotes":""},"categories":[54,76],"tags":[],"class_list":["post-146527","post","type-post","status-publish","format-standard","hentry","category-maroc","category-regions"],"_links":{"self":[{"href":"https:\/\/linitiative.ca\/International\/wp-json\/wp\/v2\/posts\/146527","targetHints":{"allow":["GET"]}}],"collection":[{"href":"https:\/\/linitiative.ca\/International\/wp-json\/wp\/v2\/posts"}],"about":[{"href":"https:\/\/linitiative.ca\/International\/wp-json\/wp\/v2\/types\/post"}],"author":[{"embeddable":true,"href":"https:\/\/linitiative.ca\/International\/wp-json\/wp\/v2\/users\/1788"}],"replies":[{"embeddable":true,"href":"https:\/\/linitiative.ca\/International\/wp-json\/wp\/v2\/comments?post=146527"}],"version-history":[{"count":0,"href":"https:\/\/linitiative.ca\/International\/wp-json\/wp\/v2\/posts\/146527\/revisions"}],"wp:attachment":[{"href":"https:\/\/linitiative.ca\/International\/wp-json\/wp\/v2\/media?parent=146527"}],"wp:term":[{"taxonomy":"category","embeddable":true,"href":"https:\/\/linitiative.ca\/International\/wp-json\/wp\/v2\/categories?post=146527"},{"taxonomy":"post_tag","embeddable":true,"href":"https:\/\/linitiative.ca\/International\/wp-json\/wp\/v2\/tags?post=146527"}],"curies":[{"name":"wp","href":"https:\/\/api.w.org\/{rel}","templated":true}]}}